{"id":13326,"date":"2013-02-13T00:00:00","date_gmt":"2013-02-13T02:00:00","guid":{"rendered":"http:\/\/webdease2023.intranet.ciasc.gov.br\/2013\/02\/13\/pente-fino-em-blumenau\/"},"modified":"2023-07-13T17:51:34","modified_gmt":"2023-07-13T20:51:34","slug":"pente-fino-em-blumenau","status":"publish","type":"post","link":"https:\/\/sap.sc.gov.br\/en\/pente-fino-em-blumenau\/","title":{"rendered":"Pente-fino em Blumenau"},"content":{"rendered":"<p style=\"text-align: justify;\">O Pres\u00eddio Regional de Blumenau passa por uma Opera\u00e7\u00e3o Integrada de Seguran\u00e7a Prisional (pente-fino), desde o in\u00edcio da manh\u00e3 desta quarta-feira (13). A Opera\u00e7\u00e3o envolve 40 agentes penitenci\u00e1rios da regi\u00e3o do Vale do Itaja\u00ed, e conta com a participa\u00e7\u00e3o de Policiais Militares e Bombeiros. Desde o in\u00edcio da opera\u00e7\u00e3o j\u00e1 foram apreendidos 26 celulares, carregadores, uma serra e armas brancas artesanais. O Juiz Corregedor do Tribunal de Justi\u00e7a de Santa Catarina, Alexandre Takashima, acompanha todos os procedimentos na unidade. A opera\u00e7\u00e3o deve continuar at\u00e9 o final desta tarde.<\/p>","protected":false},"excerpt":{"rendered":"<p>O Pres\u00eddio Regional de Blumenau passa por uma Opera\u00e7\u00e3o Integrada de Seguran\u00e7a Prisional (pente-fino), desde o in\u00edcio da manh\u00e3 desta quarta-feira (13). A Opera\u00e7\u00e3o envolve 40 agentes penitenci\u00e1rios da regi\u00e3o do Vale do Itaja\u00ed, e conta com a participa\u00e7\u00e3o de Policiais Militares e Bombeiros. Desde o in\u00edcio da opera\u00e7\u00e3o j\u00e1 foram apreendidos 26 celulares, carregadores, [&hellip;]<\/p>\n","protected":false},"author":6,"featured_media":13755,"comment_status":"open","ping_status":"open","sticky":false,"template":"","format":"standard","meta":{"_monsterinsights_skip_tracking":false,"_monsterinsights_sitenote_active":false,"_monsterinsights_sitenote_note":"","_monsterinsights_sitenote_category":0,"footnotes":"","_wp_rev_ctl_limit":""},"categories":[1296],"tags":[],"publishpress_future_action":{"enabled":false,"date":"2026-05-03 08:00:44","action":"change-status","newStatus":"draft","terms":[],"taxonomy":"category"},"publishpress_future_workflow_manual_trigger":{"enabledWorkflows":[]},"_links":{"self":[{"href":"https:\/\/sap.sc.gov.br\/en\/wp-json\/wp\/v2\/posts\/13326"}],"collection":[{"href":"https:\/\/sap.sc.gov.br\/en\/wp-json\/wp\/v2\/posts"}],"about":[{"href":"https:\/\/sap.sc.gov.br\/en\/wp-json\/wp\/v2\/types\/post"}],"author":[{"embeddable":true,"href":"https:\/\/sap.sc.gov.br\/en\/wp-json\/wp\/v2\/users\/6"}],"replies":[{"embeddable":true,"href":"https:\/\/sap.sc.gov.br\/en\/wp-json\/wp\/v2\/comments?post=13326"}],"version-history":[{"count":0,"href":"https:\/\/sap.sc.gov.br\/en\/wp-json\/wp\/v2\/posts\/13326\/revisions"}],"wp:featuredmedia":[{"embeddable":true,"href":"https:\/\/sap.sc.gov.br\/en\/wp-json\/wp\/v2\/media\/13755"}],"wp:attachment":[{"href":"https:\/\/sap.sc.gov.br\/en\/wp-json\/wp\/v2\/media?parent=13326"}],"wp:term":[{"taxonomy":"category","embeddable":true,"href":"https:\/\/sap.sc.gov.br\/en\/wp-json\/wp\/v2\/categories?post=13326"},{"taxonomy":"post_tag","embeddable":true,"href":"https:\/\/sap.sc.gov.br\/en\/wp-json\/wp\/v2\/tags?post=13326"}],"curies":[{"name":"wp","href":"https:\/\/api.w.org\/{rel}","templated":true}]}}