{"id":13327,"date":"2013-02-08T00:00:00","date_gmt":"2013-02-08T02:00:00","guid":{"rendered":"http:\/\/webdease2023.intranet.ciasc.gov.br\/2013\/02\/08\/operacao-pente-fino-em-lages-acompanhada-pela-oab-sc\/"},"modified":"2023-07-13T17:51:35","modified_gmt":"2023-07-13T20:51:35","slug":"operacao-pente-fino-em-lages-acompanhada-pela-oab-sc","status":"publish","type":"post","link":"https:\/\/sap.sc.gov.br\/en\/operacao-pente-fino-em-lages-acompanhada-pela-oab-sc\/","title":{"rendered":"Opera\u00e7\u00e3o Pente Fino em Lages acompanhada pela OAB\/SC"},"content":{"rendered":"<p style=\"text-align: justify;\">Uma Opera\u00e7\u00e3o Integrada de Seguran\u00e7a Prisional (pente-fino) foi realizada no Pres\u00eddio de Regional de Lages nesta quinta-feira, 7. Durante a opera\u00e7\u00e3o foram apreendidos dentro das celas diversos objetos il\u00edcitos. Al\u00e9m de 09 aparelhos de telefone celular, foram apreendidos carregadores, baterias e chips de telefonia m\u00f3vel. Tamb\u00e9m foram apreendidos dois pendrives, 250 gramas de maconha e oito facas artesanais. Todo o procedimento foi acompanhado pela Comiss\u00e3o de Direitos Humanos da OAB\/SC, Subse\u00e7\u00e3o de Lages, que ao final da Opera\u00e7\u00e3o emitiu um documento entregue aos gestores da unidade prisional, onde constava a regularidade da opera\u00e7\u00e3o e atestando a legalidade do procedimento sem quaisquer viola\u00e7\u00f5es \u00e0s normas afetas aos Direitos Humanos. O DEAP ratificou que a opera\u00e7\u00e3o realizada em Lages \u00e9 o tipo de opera\u00e7\u00e3o padr\u00e3o realizada pelo Departamento nos 212 procedimentos realizados no ano passado, e que qualquer outras ocorr\u00eancias que fujam deste par\u00e2metro, n\u00e3o recebem o respaldo do Departamento.<\/p>","protected":false},"excerpt":{"rendered":"<p>Uma Opera\u00e7\u00e3o Integrada de Seguran\u00e7a Prisional (pente-fino) foi realizada no Pres\u00eddio de Regional de Lages nesta quinta-feira, 7. Durante a opera\u00e7\u00e3o foram apreendidos dentro das celas diversos objetos il\u00edcitos. Al\u00e9m de 09 aparelhos de telefone celular, foram apreendidos carregadores, baterias e chips de telefonia m\u00f3vel. Tamb\u00e9m foram apreendidos dois pendrives, 250 gramas de maconha e [&hellip;]<\/p>\n","protected":false},"author":6,"featured_media":13947,"comment_status":"open","ping_status":"open","sticky":false,"template":"","format":"standard","meta":{"_monsterinsights_skip_tracking":false,"_monsterinsights_sitenote_active":false,"_monsterinsights_sitenote_note":"","_monsterinsights_sitenote_category":0,"footnotes":"","_wp_rev_ctl_limit":""},"categories":[1296],"tags":[],"publishpress_future_action":{"enabled":false,"date":"2026-05-03 08:10:07","action":"change-status","newStatus":"draft","terms":[],"taxonomy":"category"},"publishpress_future_workflow_manual_trigger":{"enabledWorkflows":[]},"_links":{"self":[{"href":"https:\/\/sap.sc.gov.br\/en\/wp-json\/wp\/v2\/posts\/13327"}],"collection":[{"href":"https:\/\/sap.sc.gov.br\/en\/wp-json\/wp\/v2\/posts"}],"about":[{"href":"https:\/\/sap.sc.gov.br\/en\/wp-json\/wp\/v2\/types\/post"}],"author":[{"embeddable":true,"href":"https:\/\/sap.sc.gov.br\/en\/wp-json\/wp\/v2\/users\/6"}],"replies":[{"embeddable":true,"href":"https:\/\/sap.sc.gov.br\/en\/wp-json\/wp\/v2\/comments?post=13327"}],"version-history":[{"count":0,"href":"https:\/\/sap.sc.gov.br\/en\/wp-json\/wp\/v2\/posts\/13327\/revisions"}],"wp:featuredmedia":[{"embeddable":true,"href":"https:\/\/sap.sc.gov.br\/en\/wp-json\/wp\/v2\/media\/13947"}],"wp:attachment":[{"href":"https:\/\/sap.sc.gov.br\/en\/wp-json\/wp\/v2\/media?parent=13327"}],"wp:term":[{"taxonomy":"category","embeddable":true,"href":"https:\/\/sap.sc.gov.br\/en\/wp-json\/wp\/v2\/categories?post=13327"},{"taxonomy":"post_tag","embeddable":true,"href":"https:\/\/sap.sc.gov.br\/en\/wp-json\/wp\/v2\/tags?post=13327"}],"curies":[{"name":"wp","href":"https:\/\/api.w.org\/{rel}","templated":true}]}}