{"id":13334,"date":"2013-05-06T15:08:46","date_gmt":"2013-05-06T18:08:46","guid":{"rendered":"http:\/\/webdease2023.intranet.ciasc.gov.br\/2013\/05\/06\/agentes-penitenciarios-recebem-nota-de-elogio\/"},"modified":"2023-07-13T17:51:16","modified_gmt":"2023-07-13T20:51:16","slug":"agentes-penitenciarios-recebem-nota-de-elogio","status":"publish","type":"post","link":"https:\/\/sap.sc.gov.br\/en\/agentes-penitenciarios-recebem-nota-de-elogio\/","title":{"rendered":"Agentes Penitenci\u00e1rios recebem nota de elogio"},"content":{"rendered":"<p style=\"text-align: justify;\">Durante a madrugada desta segunda-feira, 6, pelo menos cinco detentos tentaram escapar do Pres\u00eddio Regional de Joinville. Eles serraram uma parte da estrutura da porta da cela, mas, agentes penitenci\u00e1rios de plant\u00e3o perceberam a movimenta\u00e7\u00e3o estranha e acabaram por flagrar a tentativa de fuga. J\u00e1 na semana passada, durante a noite de quarta-feira, 01, os agentes penitenci\u00e1rios da Col\u00f4nia Penal Agr\u00edcola da Palho\u00e7a Igor Bandeira de Matos e Walter Emerim Filho apreenderam dois menores em posse de drogas, celulares, carregadores e bebidas. Por volta das 23 horas, em rondas de rotina, os agentes perceberam a movimenta\u00e7\u00e3o de vultos nos fundos da \u00e1rea dos alojamentos dos presos e fizeram o cerco pela \u00e1rea externa da unidade. Os menores apreendidos, que tinham 15 e 17 anos, confessaram que receberam a ordem de deixar o material pr\u00f3ximo aos alojamentos e foram conduzidos \u00e0 Delegacia de Prote\u00e7\u00e3o a Crian\u00e7a, Adolescente, Mulher e Idoso de Palho\u00e7a. Duas semanas antes, o agente Igor Bandeira de Matos que participou dessa a\u00e7\u00e3o, tamb\u00e9m havia realizado a pris\u00e3o em flagrante de um homem que levava drogas, doces e bebidas para a unidade. A Dire\u00e7\u00e3o do Departamento de administra\u00e7\u00e3o prisional encaminhou nota de elogio aos servidores, \u00e0 Secretaria de Estado da Justi\u00e7a e Cidadania, pela per\u00edcia, acuidade e foco no trabalho nos casos acima. O Diretor elogia e parabeniza os agentes penitenci\u00e1rios que, exemplarmente, demonstraram abnegado comprometimento com a fun\u00e7\u00e3o que desempenham e garantiram a seguran\u00e7a e tranquilidade do sistema prisional e da sociedade catarinense.<\/p>","protected":false},"excerpt":{"rendered":"<p>Durante a madrugada desta segunda-feira, 6, pelo menos cinco detentos tentaram escapar do Pres\u00eddio Regional de Joinville. Eles serraram uma parte da estrutura da porta da cela, mas, agentes penitenci\u00e1rios de plant\u00e3o perceberam a movimenta\u00e7\u00e3o estranha e acabaram por flagrar a tentativa de fuga. J\u00e1 na semana passada, durante a noite de quarta-feira, 01, os [&hellip;]<\/p>\n","protected":false},"author":6,"featured_media":13755,"comment_status":"open","ping_status":"open","sticky":false,"template":"","format":"standard","meta":{"_monsterinsights_skip_tracking":false,"_monsterinsights_sitenote_active":false,"_monsterinsights_sitenote_note":"","_monsterinsights_sitenote_category":0,"footnotes":"","_wp_rev_ctl_limit":""},"categories":[1296],"tags":[],"publishpress_future_action":{"enabled":false,"date":"2026-05-03 08:16:01","action":"change-status","newStatus":"draft","terms":[],"taxonomy":"category"},"publishpress_future_workflow_manual_trigger":{"enabledWorkflows":[]},"_links":{"self":[{"href":"https:\/\/sap.sc.gov.br\/en\/wp-json\/wp\/v2\/posts\/13334"}],"collection":[{"href":"https:\/\/sap.sc.gov.br\/en\/wp-json\/wp\/v2\/posts"}],"about":[{"href":"https:\/\/sap.sc.gov.br\/en\/wp-json\/wp\/v2\/types\/post"}],"author":[{"embeddable":true,"href":"https:\/\/sap.sc.gov.br\/en\/wp-json\/wp\/v2\/users\/6"}],"replies":[{"embeddable":true,"href":"https:\/\/sap.sc.gov.br\/en\/wp-json\/wp\/v2\/comments?post=13334"}],"version-history":[{"count":0,"href":"https:\/\/sap.sc.gov.br\/en\/wp-json\/wp\/v2\/posts\/13334\/revisions"}],"wp:featuredmedia":[{"embeddable":true,"href":"https:\/\/sap.sc.gov.br\/en\/wp-json\/wp\/v2\/media\/13755"}],"wp:attachment":[{"href":"https:\/\/sap.sc.gov.br\/en\/wp-json\/wp\/v2\/media?parent=13334"}],"wp:term":[{"taxonomy":"category","embeddable":true,"href":"https:\/\/sap.sc.gov.br\/en\/wp-json\/wp\/v2\/categories?post=13334"},{"taxonomy":"post_tag","embeddable":true,"href":"https:\/\/sap.sc.gov.br\/en\/wp-json\/wp\/v2\/tags?post=13334"}],"curies":[{"name":"wp","href":"https:\/\/api.w.org\/{rel}","templated":true}]}}