{"id":13337,"date":"2013-04-30T15:08:46","date_gmt":"2013-04-30T18:08:46","guid":{"rendered":"http:\/\/webdease2023.intranet.ciasc.gov.br\/2013\/04\/30\/nota-oficial-fim-da-paralisacao\/"},"modified":"2023-07-13T17:51:18","modified_gmt":"2023-07-13T20:51:18","slug":"nota-oficial-fim-da-paralisacao","status":"publish","type":"post","link":"https:\/\/sap.sc.gov.br\/en\/nota-oficial-fim-da-paralisacao\/","title":{"rendered":"Nota Oficial &#8211; Fim da paralisa\u00e7\u00e3o"},"content":{"rendered":"<p style=\"text-align: justify;\">Os agentes penitenci\u00e1rios aprovaram na tarde desta ter\u00e7a-feira, dia 30, a proposta salarial apresentada pelo Governo do Estado. Com isso eles ter\u00e3o reajuste para 100% na Gratifica\u00e7\u00e3o por Atividade Penitenci\u00e1ria (j\u00e1 tinham 30% e agora receber\u00e3o mais 70%), calculados sobre o vencimento de n\u00edvel de referencia 1A (tabela da lei 472), que ser\u00e1 pago em cinco parcelas: 15% em maio e 15% em novembro de 2013 e 15% maio e 15% em novembro de 2014 mais 10% em maio de 2015. Agentes que trabalham em fun\u00e7\u00e3o administrativa no Deap e na Secretaria de Justi\u00e7a e Cidadania e t\u00e9cnicos administrativos receber\u00e3o o adicional no percentual de 35%. Os outros t\u00e9cnicos que trabalham em atividade fim tamb\u00e9m ter\u00e3o adicional de 100%. O Diretor do Deap, Leandro Lima, disse que a proposta representa um ganho significativo para a categoria que, cada vez mais, vem conquistando espa\u00e7o e visibilidade junto \u00e0 sociedade. A Secret\u00e1ria de Justi\u00e7a e Cidadania, Ada de Luca, afirmou que o Governo do Estado e os agentes penitenci\u00e1rios demonstraram maturidade e seriedade na constru\u00e7\u00e3o de uma proposta que contemple as expectativas e possibilidades de ambos.<\/p>","protected":false},"excerpt":{"rendered":"<p>Os agentes penitenci\u00e1rios aprovaram na tarde desta ter\u00e7a-feira, dia 30, a proposta salarial apresentada pelo Governo do Estado. Com isso eles ter\u00e3o reajuste para 100% na Gratifica\u00e7\u00e3o por Atividade Penitenci\u00e1ria (j\u00e1 tinham 30% e agora receber\u00e3o mais 70%), calculados sobre o vencimento de n\u00edvel de referencia 1A (tabela da lei 472), que ser\u00e1 pago em [&hellip;]<\/p>\n","protected":false},"author":6,"featured_media":13755,"comment_status":"open","ping_status":"open","sticky":false,"template":"","format":"standard","meta":{"_monsterinsights_skip_tracking":false,"_monsterinsights_sitenote_active":false,"_monsterinsights_sitenote_note":"","_monsterinsights_sitenote_category":0,"footnotes":"","_wp_rev_ctl_limit":""},"categories":[1296],"tags":[],"publishpress_future_action":{"enabled":false,"date":"2026-05-03 08:04:56","action":"change-status","newStatus":"draft","terms":[],"taxonomy":"category"},"publishpress_future_workflow_manual_trigger":{"enabledWorkflows":[]},"_links":{"self":[{"href":"https:\/\/sap.sc.gov.br\/en\/wp-json\/wp\/v2\/posts\/13337"}],"collection":[{"href":"https:\/\/sap.sc.gov.br\/en\/wp-json\/wp\/v2\/posts"}],"about":[{"href":"https:\/\/sap.sc.gov.br\/en\/wp-json\/wp\/v2\/types\/post"}],"author":[{"embeddable":true,"href":"https:\/\/sap.sc.gov.br\/en\/wp-json\/wp\/v2\/users\/6"}],"replies":[{"embeddable":true,"href":"https:\/\/sap.sc.gov.br\/en\/wp-json\/wp\/v2\/comments?post=13337"}],"version-history":[{"count":0,"href":"https:\/\/sap.sc.gov.br\/en\/wp-json\/wp\/v2\/posts\/13337\/revisions"}],"wp:featuredmedia":[{"embeddable":true,"href":"https:\/\/sap.sc.gov.br\/en\/wp-json\/wp\/v2\/media\/13755"}],"wp:attachment":[{"href":"https:\/\/sap.sc.gov.br\/en\/wp-json\/wp\/v2\/media?parent=13337"}],"wp:term":[{"taxonomy":"category","embeddable":true,"href":"https:\/\/sap.sc.gov.br\/en\/wp-json\/wp\/v2\/categories?post=13337"},{"taxonomy":"post_tag","embeddable":true,"href":"https:\/\/sap.sc.gov.br\/en\/wp-json\/wp\/v2\/tags?post=13337"}],"curies":[{"name":"wp","href":"https:\/\/api.w.org\/{rel}","templated":true}]}}