{"id":13339,"date":"2013-04-29T15:08:46","date_gmt":"2013-04-29T18:08:46","guid":{"rendered":"http:\/\/webdease2023.intranet.ciasc.gov.br\/2013\/04\/29\/nota-de-esclarecimento-chapeco\/"},"modified":"2023-07-13T17:51:18","modified_gmt":"2023-07-13T20:51:18","slug":"nota-de-esclarecimento-chapeco","status":"publish","type":"post","link":"https:\/\/sap.sc.gov.br\/en\/nota-de-esclarecimento-chapeco\/","title":{"rendered":"Nota de Esclarecimento &#8211; Chapec\u00f3"},"content":{"rendered":"<p style=\"text-align: justify;\"><a class=\"highslide\" href=\"http:\/\/www.deap.sc.gov.br\/deap\/adm\/fotosnoticias\/492.jpg\"> <\/a> O Departamento de Administra\u00e7\u00e3o Prisional (DEAP) recebeu na manh\u00e3 desta segunda-feira, 29, um v\u00eddeo com imagens de uma festa que teria se realizado nas depend\u00eancias da sede da Associa\u00e7\u00e3o dos Funcion\u00e1rios da Penitenci\u00e1ria Agr\u00edcola de Chapec\u00f3 (Afupach). As informa\u00e7\u00f5es da imprensa local d\u00e3o conta de que irregularidades foram constatadas nas imagens. O DEAP encaminhou as imagens e os textos da reportagem enviada ao Departamento para a Corregedoria Geral da Secretaria de Estado da Justi\u00e7a e Cidadania, que instaurar\u00e1 uma sindic\u00e2ncia investigativa para apurar os fatos e constatar eventuais condutas inapropriadas. Por ora, o DEAP j\u00e1 determinou a suspens\u00e3o de confraterniza\u00e7\u00f5es e festas nas depend\u00eancias da Sede da Afupach, anexa ao Complexo Penitenci\u00e1rio de Chapec\u00f3, at\u00e9 que se elucidem os fatos e, a partir de agora, somente se manifestar\u00e1 sobre o ocorrido ap\u00f3s a conclus\u00e3o do processo de sindic\u00e2ncia.<\/p>","protected":false},"excerpt":{"rendered":"<p>O Departamento de Administra\u00e7\u00e3o Prisional (DEAP) recebeu na manh\u00e3 desta segunda-feira, 29, um v\u00eddeo com imagens de uma festa que teria se realizado nas depend\u00eancias da sede da Associa\u00e7\u00e3o dos Funcion\u00e1rios da Penitenci\u00e1ria Agr\u00edcola de Chapec\u00f3 (Afupach). As informa\u00e7\u00f5es da imprensa local d\u00e3o conta de que irregularidades foram constatadas nas imagens. O DEAP encaminhou as [&hellip;]<\/p>\n","protected":false},"author":6,"featured_media":13813,"comment_status":"open","ping_status":"open","sticky":false,"template":"","format":"standard","meta":{"_monsterinsights_skip_tracking":false,"_monsterinsights_sitenote_active":false,"_monsterinsights_sitenote_note":"","_monsterinsights_sitenote_category":0,"footnotes":"","_wp_rev_ctl_limit":""},"categories":[1296],"tags":[],"publishpress_future_action":{"enabled":false,"date":"2026-05-03 08:00:03","action":"change-status","newStatus":"draft","terms":[],"taxonomy":"category"},"publishpress_future_workflow_manual_trigger":{"enabledWorkflows":[]},"_links":{"self":[{"href":"https:\/\/sap.sc.gov.br\/en\/wp-json\/wp\/v2\/posts\/13339"}],"collection":[{"href":"https:\/\/sap.sc.gov.br\/en\/wp-json\/wp\/v2\/posts"}],"about":[{"href":"https:\/\/sap.sc.gov.br\/en\/wp-json\/wp\/v2\/types\/post"}],"author":[{"embeddable":true,"href":"https:\/\/sap.sc.gov.br\/en\/wp-json\/wp\/v2\/users\/6"}],"replies":[{"embeddable":true,"href":"https:\/\/sap.sc.gov.br\/en\/wp-json\/wp\/v2\/comments?post=13339"}],"version-history":[{"count":0,"href":"https:\/\/sap.sc.gov.br\/en\/wp-json\/wp\/v2\/posts\/13339\/revisions"}],"wp:featuredmedia":[{"embeddable":true,"href":"https:\/\/sap.sc.gov.br\/en\/wp-json\/wp\/v2\/media\/13813"}],"wp:attachment":[{"href":"https:\/\/sap.sc.gov.br\/en\/wp-json\/wp\/v2\/media?parent=13339"}],"wp:term":[{"taxonomy":"category","embeddable":true,"href":"https:\/\/sap.sc.gov.br\/en\/wp-json\/wp\/v2\/categories?post=13339"},{"taxonomy":"post_tag","embeddable":true,"href":"https:\/\/sap.sc.gov.br\/en\/wp-json\/wp\/v2\/tags?post=13339"}],"curies":[{"name":"wp","href":"https:\/\/api.w.org\/{rel}","templated":true}]}}