{"id":13347,"date":"2013-05-17T17:54:42","date_gmt":"2013-05-17T20:54:42","guid":{"rendered":"http:\/\/webdease2023.intranet.ciasc.gov.br\/2013\/05\/17\/leandro-lima-participa-de-congresso-em-palmas-to\/"},"modified":"2023-07-13T17:51:23","modified_gmt":"2023-07-13T20:51:23","slug":"leandro-lima-participa-de-congresso-em-palmas-to","status":"publish","type":"post","link":"https:\/\/sap.sc.gov.br\/en\/leandro-lima-participa-de-congresso-em-palmas-to\/","title":{"rendered":"Leandro Lima participa de congresso em Palmas (TO)"},"content":{"rendered":"<p style=\"text-align: justify;\">O diretor do Deap, Leandro Lima, est\u00e1 em Palmas (TO) apresentando o programa de atividade laboral do sistema prisional catarinense. O modelo poder\u00e1 ser replicado no Norte do pa\u00eds. Nos pr\u00f3ximos dias, o Defensor P\u00fablico Geral do Tocantins, Marlon Costa Luz Amorim, vir\u00e1 a Santa Catarina para conhecer o trabalho desenvolvido nas cadeias do Estado. Santa Catarina tamb\u00e9m apresentar\u00e1 um case na Semana Nacional de Trabalho nas Pris\u00f5es que acontece em Bras\u00edlia na pr\u00f3xima ter\u00e7a-feira (21). No estudo realizado pelo Departamento Penitenci\u00e1rio Nacional apontou que Santa Catarina tem 43% da massa carcer\u00e1ria trabalhando em empresas como Mormaii, Weg, Fischer, Tachibra e Berlanda.<\/p>","protected":false},"excerpt":{"rendered":"<p>O diretor do Deap, Leandro Lima, est\u00e1 em Palmas (TO) apresentando o programa de atividade laboral do sistema prisional catarinense. O modelo poder\u00e1 ser replicado no Norte do pa\u00eds. Nos pr\u00f3ximos dias, o Defensor P\u00fablico Geral do Tocantins, Marlon Costa Luz Amorim, vir\u00e1 a Santa Catarina para conhecer o trabalho desenvolvido nas cadeias do Estado. [&hellip;]<\/p>\n","protected":false},"author":6,"featured_media":13755,"comment_status":"open","ping_status":"open","sticky":false,"template":"","format":"standard","meta":{"_monsterinsights_skip_tracking":false,"_monsterinsights_sitenote_active":false,"_monsterinsights_sitenote_note":"","_monsterinsights_sitenote_category":0,"footnotes":"","_wp_rev_ctl_limit":""},"categories":[1296],"tags":[],"publishpress_future_action":{"enabled":false,"date":"2026-05-03 08:16:01","action":"change-status","newStatus":"draft","terms":[],"taxonomy":"category"},"publishpress_future_workflow_manual_trigger":{"enabledWorkflows":[]},"_links":{"self":[{"href":"https:\/\/sap.sc.gov.br\/en\/wp-json\/wp\/v2\/posts\/13347"}],"collection":[{"href":"https:\/\/sap.sc.gov.br\/en\/wp-json\/wp\/v2\/posts"}],"about":[{"href":"https:\/\/sap.sc.gov.br\/en\/wp-json\/wp\/v2\/types\/post"}],"author":[{"embeddable":true,"href":"https:\/\/sap.sc.gov.br\/en\/wp-json\/wp\/v2\/users\/6"}],"replies":[{"embeddable":true,"href":"https:\/\/sap.sc.gov.br\/en\/wp-json\/wp\/v2\/comments?post=13347"}],"version-history":[{"count":0,"href":"https:\/\/sap.sc.gov.br\/en\/wp-json\/wp\/v2\/posts\/13347\/revisions"}],"wp:featuredmedia":[{"embeddable":true,"href":"https:\/\/sap.sc.gov.br\/en\/wp-json\/wp\/v2\/media\/13755"}],"wp:attachment":[{"href":"https:\/\/sap.sc.gov.br\/en\/wp-json\/wp\/v2\/media?parent=13347"}],"wp:term":[{"taxonomy":"category","embeddable":true,"href":"https:\/\/sap.sc.gov.br\/en\/wp-json\/wp\/v2\/categories?post=13347"},{"taxonomy":"post_tag","embeddable":true,"href":"https:\/\/sap.sc.gov.br\/en\/wp-json\/wp\/v2\/tags?post=13347"}],"curies":[{"name":"wp","href":"https:\/\/api.w.org\/{rel}","templated":true}]}}