{"id":13350,"date":"2013-05-15T18:00:47","date_gmt":"2013-05-15T21:00:47","guid":{"rendered":"http:\/\/webdease2023.intranet.ciasc.gov.br\/2013\/05\/15\/curso-de-defesa-pessoal-para-as-servidoras-publicas-da-sjc\/"},"modified":"2023-07-13T17:51:25","modified_gmt":"2023-07-13T20:51:25","slug":"curso-de-defesa-pessoal-para-as-servidoras-publicas-da-sjc","status":"publish","type":"post","link":"https:\/\/sap.sc.gov.br\/en\/curso-de-defesa-pessoal-para-as-servidoras-publicas-da-sjc\/","title":{"rendered":"Curso de Defesa Pessoal para as Servidoras P\u00fablicas da SJC"},"content":{"rendered":"<p style=\"text-align: justify;\">A Academia de Justi\u00e7a e Cidadania informa que j\u00e1 est\u00e3o abertas no link de capacita\u00e7\u00f5es da ACADEJUC, as inscri\u00e7\u00f5es para o Curso de Defesa Pessoal para as Servidoras P\u00fablicas da SJC, a ser realizado na ACADEJUC\/SJC, nos dias 27 e 28 de maio de 2013. O curso destina-se a agentes penitenci\u00e1rias, agentes de seguran\u00e7a socioeducativas e t\u00e9cnicas administrativas da SJC<\/p>","protected":false},"excerpt":{"rendered":"<p>A Academia de Justi\u00e7a e Cidadania informa que j\u00e1 est\u00e3o abertas no link de capacita\u00e7\u00f5es da ACADEJUC, as inscri\u00e7\u00f5es para o Curso de Defesa Pessoal para as Servidoras P\u00fablicas da SJC, a ser realizado na ACADEJUC\/SJC, nos dias 27 e 28 de maio de 2013. O curso destina-se a agentes penitenci\u00e1rias, agentes de seguran\u00e7a socioeducativas [&hellip;]<\/p>\n","protected":false},"author":6,"featured_media":13738,"comment_status":"open","ping_status":"open","sticky":false,"template":"","format":"standard","meta":{"_monsterinsights_skip_tracking":false,"_monsterinsights_sitenote_active":false,"_monsterinsights_sitenote_note":"","_monsterinsights_sitenote_category":0,"footnotes":"","_wp_rev_ctl_limit":""},"categories":[1296],"tags":[],"publishpress_future_action":{"enabled":false,"date":"2026-05-03 08:16:08","action":"change-status","newStatus":"draft","terms":[],"taxonomy":"category"},"publishpress_future_workflow_manual_trigger":{"enabledWorkflows":[]},"_links":{"self":[{"href":"https:\/\/sap.sc.gov.br\/en\/wp-json\/wp\/v2\/posts\/13350"}],"collection":[{"href":"https:\/\/sap.sc.gov.br\/en\/wp-json\/wp\/v2\/posts"}],"about":[{"href":"https:\/\/sap.sc.gov.br\/en\/wp-json\/wp\/v2\/types\/post"}],"author":[{"embeddable":true,"href":"https:\/\/sap.sc.gov.br\/en\/wp-json\/wp\/v2\/users\/6"}],"replies":[{"embeddable":true,"href":"https:\/\/sap.sc.gov.br\/en\/wp-json\/wp\/v2\/comments?post=13350"}],"version-history":[{"count":0,"href":"https:\/\/sap.sc.gov.br\/en\/wp-json\/wp\/v2\/posts\/13350\/revisions"}],"wp:featuredmedia":[{"embeddable":true,"href":"https:\/\/sap.sc.gov.br\/en\/wp-json\/wp\/v2\/media\/13738"}],"wp:attachment":[{"href":"https:\/\/sap.sc.gov.br\/en\/wp-json\/wp\/v2\/media?parent=13350"}],"wp:term":[{"taxonomy":"category","embeddable":true,"href":"https:\/\/sap.sc.gov.br\/en\/wp-json\/wp\/v2\/categories?post=13350"},{"taxonomy":"post_tag","embeddable":true,"href":"https:\/\/sap.sc.gov.br\/en\/wp-json\/wp\/v2\/tags?post=13350"}],"curies":[{"name":"wp","href":"https:\/\/api.w.org\/{rel}","templated":true}]}}