{"id":13353,"date":"2013-07-26T18:31:50","date_gmt":"2013-07-26T21:31:50","guid":{"rendered":"http:\/\/webdease2023.intranet.ciasc.gov.br\/2013\/07\/26\/nota-informativa\/"},"modified":"2023-07-13T17:51:12","modified_gmt":"2023-07-13T20:51:12","slug":"nota-informativa","status":"publish","type":"post","link":"https:\/\/sap.sc.gov.br\/en\/nota-informativa\/","title":{"rendered":"Nota Informativa"},"content":{"rendered":"<p style=\"text-align: justify;\">O Departamento de Administra\u00e7\u00e3o Prisional (Deap) informa que o detento Filipe de Souza Batista foi encontrado morto em sua cela na manh\u00e3 desta sexta-feira, 26. Informa\u00e7\u00f5es preliminares d\u00e3o conta de uma poss\u00edvel desaven\u00e7a pessoal entre detentos da pr\u00f3pria cela. Filipe dividia a cela com mais dois presos no Pavilh\u00e3o 1 do Complexo Penitenci\u00e1rio do Estado, local onde est\u00e3o recolhidos presos de m\u00e9dia periculosidade. A maioria deles trabalha na Unidade. O Deap considera o ocorrido como um caso pontual e j\u00e1 acionou a Corregedoria da Secretaria de Estado da Justi\u00e7a, bem como tomou todas as medidas legais, periciais e assistenciais que o caso exige, junto a Pol\u00edcia Civil, o Instituto Geral de Per\u00edcias e o Setor de Servi\u00e7o Social da Unidade.<\/p>","protected":false},"excerpt":{"rendered":"<p>O Departamento de Administra\u00e7\u00e3o Prisional (Deap) informa que o detento Filipe de Souza Batista foi encontrado morto em sua cela na manh\u00e3 desta sexta-feira, 26. Informa\u00e7\u00f5es preliminares d\u00e3o conta de uma poss\u00edvel desaven\u00e7a pessoal entre detentos da pr\u00f3pria cela. Filipe dividia a cela com mais dois presos no Pavilh\u00e3o 1 do Complexo Penitenci\u00e1rio do Estado, [&hellip;]<\/p>\n","protected":false},"author":6,"featured_media":13755,"comment_status":"open","ping_status":"open","sticky":false,"template":"","format":"standard","meta":{"_monsterinsights_skip_tracking":false,"_monsterinsights_sitenote_active":false,"_monsterinsights_sitenote_note":"","_monsterinsights_sitenote_category":0,"footnotes":"","_wp_rev_ctl_limit":""},"categories":[1296],"tags":[],"publishpress_future_action":{"enabled":false,"date":"2026-05-03 09:25:19","action":"change-status","newStatus":"draft","terms":[],"taxonomy":"category"},"publishpress_future_workflow_manual_trigger":{"enabledWorkflows":[]},"_links":{"self":[{"href":"https:\/\/sap.sc.gov.br\/en\/wp-json\/wp\/v2\/posts\/13353"}],"collection":[{"href":"https:\/\/sap.sc.gov.br\/en\/wp-json\/wp\/v2\/posts"}],"about":[{"href":"https:\/\/sap.sc.gov.br\/en\/wp-json\/wp\/v2\/types\/post"}],"author":[{"embeddable":true,"href":"https:\/\/sap.sc.gov.br\/en\/wp-json\/wp\/v2\/users\/6"}],"replies":[{"embeddable":true,"href":"https:\/\/sap.sc.gov.br\/en\/wp-json\/wp\/v2\/comments?post=13353"}],"version-history":[{"count":0,"href":"https:\/\/sap.sc.gov.br\/en\/wp-json\/wp\/v2\/posts\/13353\/revisions"}],"wp:featuredmedia":[{"embeddable":true,"href":"https:\/\/sap.sc.gov.br\/en\/wp-json\/wp\/v2\/media\/13755"}],"wp:attachment":[{"href":"https:\/\/sap.sc.gov.br\/en\/wp-json\/wp\/v2\/media?parent=13353"}],"wp:term":[{"taxonomy":"category","embeddable":true,"href":"https:\/\/sap.sc.gov.br\/en\/wp-json\/wp\/v2\/categories?post=13353"},{"taxonomy":"post_tag","embeddable":true,"href":"https:\/\/sap.sc.gov.br\/en\/wp-json\/wp\/v2\/tags?post=13353"}],"curies":[{"name":"wp","href":"https:\/\/api.w.org\/{rel}","templated":true}]}}