{"id":13355,"date":"2013-07-18T18:35:12","date_gmt":"2013-07-18T21:35:12","guid":{"rendered":"http:\/\/webdease2023.intranet.ciasc.gov.br\/2013\/07\/18\/ampliacao-do-complexo-penitenciario-do-vale-do-itajai-ja-esta-80-concluida\/"},"modified":"2023-07-13T17:51:14","modified_gmt":"2023-07-13T20:51:14","slug":"ampliacao-do-complexo-penitenciario-do-vale-do-itajai-ja-esta-80-concluida","status":"publish","type":"post","link":"https:\/\/sap.sc.gov.br\/en\/ampliacao-do-complexo-penitenciario-do-vale-do-itajai-ja-esta-80-concluida\/","title":{"rendered":"Amplia\u00e7\u00e3o do Complexo Penitenci\u00e1rio do Vale do Itaja\u00ed j\u00e1 est\u00e1 80% conclu\u00edda"},"content":{"rendered":"<p style=\"text-align: justify;\">O Diretor do Departamento de Administra\u00e7\u00e3o Prisional (Deap), Leandro Ant\u00f4nio Soares Lima, esteve hoje no Complexo Penitenci\u00e1rio do Vale do Itaja\u00ed para inspecionar o andamento das obras de amplia\u00e7\u00e3o do Pres\u00eddio do Complexo. As obras, que iniciaram a cerca de 70 dias, j\u00e1 est\u00e3o em fase de conclus\u00e3o, com 80% do projeto executado e a previs\u00e3o \u00e9 de que a entrega da estrutura e aloca\u00e7\u00e3o dos presos na nova ala seja realizada antes do previsto. A nova ala duplica a capacidade do atual pres\u00eddio de 324 para 648 vagas. Atualmente, o Pres\u00eddio do Complexo do Vale do Itaja\u00ed possui aproximadamente 600 detentos, tendo sido a unidade que mais absorveu internos oriundos do Pres\u00eddio Regional de Balne\u00e1rio Cambori\u00fa, interditado em 2011. A obra faz parte do pacote de investimentos previsto nos recursos oriundos do Pacto por Santa Catarina, um programa do Governo do Estado que realizar\u00e1 um investimento de mais de R$ 9 bilh\u00f5es a serem investidos nas mais diversas \u00e1reas. Al\u00e9m do Diretor do Deap e agentes penitenci\u00e1rios do Departamento, acompanharam a visita o Diretor da Penitenci\u00e1ria do Complexo, Juliano Stoberl, o Gerente do Pres\u00eddio do Complexo, Cristiano Tavares de Carvalho e o Engenheiro da obra, Marlon Guimar\u00e3es Rocho. Mais fotos na galeria de imagens.<\/p>","protected":false},"excerpt":{"rendered":"<p>O Diretor do Departamento de Administra\u00e7\u00e3o Prisional (Deap), Leandro Ant\u00f4nio Soares Lima, esteve hoje no Complexo Penitenci\u00e1rio do Vale do Itaja\u00ed para inspecionar o andamento das obras de amplia\u00e7\u00e3o do Pres\u00eddio do Complexo. As obras, que iniciaram a cerca de 70 dias, j\u00e1 est\u00e3o em fase de conclus\u00e3o, com 80% do projeto executado e a [&hellip;]<\/p>\n","protected":false},"author":6,"featured_media":13777,"comment_status":"open","ping_status":"open","sticky":false,"template":"","format":"standard","meta":{"_monsterinsights_skip_tracking":false,"_monsterinsights_sitenote_active":false,"_monsterinsights_sitenote_note":"","_monsterinsights_sitenote_category":0,"footnotes":"","_wp_rev_ctl_limit":""},"categories":[1296],"tags":[],"publishpress_future_action":{"enabled":false,"date":"2026-05-03 09:35:23","action":"change-status","newStatus":"draft","terms":[],"taxonomy":"category"},"publishpress_future_workflow_manual_trigger":{"enabledWorkflows":[]},"_links":{"self":[{"href":"https:\/\/sap.sc.gov.br\/en\/wp-json\/wp\/v2\/posts\/13355"}],"collection":[{"href":"https:\/\/sap.sc.gov.br\/en\/wp-json\/wp\/v2\/posts"}],"about":[{"href":"https:\/\/sap.sc.gov.br\/en\/wp-json\/wp\/v2\/types\/post"}],"author":[{"embeddable":true,"href":"https:\/\/sap.sc.gov.br\/en\/wp-json\/wp\/v2\/users\/6"}],"replies":[{"embeddable":true,"href":"https:\/\/sap.sc.gov.br\/en\/wp-json\/wp\/v2\/comments?post=13355"}],"version-history":[{"count":0,"href":"https:\/\/sap.sc.gov.br\/en\/wp-json\/wp\/v2\/posts\/13355\/revisions"}],"wp:featuredmedia":[{"embeddable":true,"href":"https:\/\/sap.sc.gov.br\/en\/wp-json\/wp\/v2\/media\/13777"}],"wp:attachment":[{"href":"https:\/\/sap.sc.gov.br\/en\/wp-json\/wp\/v2\/media?parent=13355"}],"wp:term":[{"taxonomy":"category","embeddable":true,"href":"https:\/\/sap.sc.gov.br\/en\/wp-json\/wp\/v2\/categories?post=13355"},{"taxonomy":"post_tag","embeddable":true,"href":"https:\/\/sap.sc.gov.br\/en\/wp-json\/wp\/v2\/tags?post=13355"}],"curies":[{"name":"wp","href":"https:\/\/api.w.org\/{rel}","templated":true}]}}