{"id":13356,"date":"2013-07-11T18:37:56","date_gmt":"2013-07-11T21:37:56","guid":{"rendered":"http:\/\/webdease2023.intranet.ciasc.gov.br\/2013\/07\/11\/presidio-de-tijucas-e-destaque-em-mostra-de-decoracao\/"},"modified":"2023-07-13T17:51:14","modified_gmt":"2023-07-13T20:51:14","slug":"presidio-de-tijucas-e-destaque-em-mostra-de-decoracao","status":"publish","type":"post","link":"https:\/\/sap.sc.gov.br\/en\/presidio-de-tijucas-e-destaque-em-mostra-de-decoracao\/","title":{"rendered":"Pres\u00eddio de Tijucas \u00e9 destaque em mostra de decora\u00e7\u00e3o"},"content":{"rendered":"<p style=\"text-align: justify;\">Mais de uma semana ap\u00f3s o encerramento da Mostra Casa Cor Santa Catarina 2013, ainda repercute positivamente a participa\u00e7\u00e3o do Pres\u00eddio de Tijucas no Evento. Destaque em alguns jornais de circula\u00e7\u00e3o estadual, as cortinas de conta de cer\u00e2mica que s\u00e3o produzidas por reeducandas da unidade renderam, inclusive, nota de elogio \u00e0 gerente Danielle Amorim Silva em algumas m\u00eddias. O Espa\u00e7o Caf\u00e9 na Pra\u00e7a, idealizado pela arquiteta K\u00e1tia Veras, foi decorado com as cortinas que ganharam destaque pelo apelo social. O trabalho \u00e9 resultado do projeto \u201cEnSolta \u00c1rvore da Vida: Transformando o crime em arte no Pres\u00eddio de Tijucas\u201d, uma parceria entre a EnSolta \u00c1rvore da Vida e o Pres\u00eddio. Diante dos olhos atentos dos visitantes, em solenidade no local do evento, a s\u00f3cia-presidente da empresa com novas propostas auto sustent\u00e1veis e sociais, Elishi Tami, discursou sobre a proposta do projeto e os resultados positivos alcan\u00e7ados. \u201cAl\u00e9m disso, temos que agradecer ao Pres\u00eddio de Tijucas e \u00e0 Danielle que, desde o primeiro momento, acreditaram neste projeto e abriram todas as portas para a concretiza\u00e7\u00e3o deste sonho\u201d, completou Elishi. Danielle destacou os impactos positivos das atividades laborais no comportamento dos internos e na seguran\u00e7a do Pres\u00eddio. \u201cN\u00f3s estamos fazendo nossa parte, oferecendo meios de ressocializa\u00e7\u00e3o para devolver cidad\u00e3os \u00e0 sociedade, esperamos, agora, que a sociedade saiba abrir os bra\u00e7os aos nossos egressos\u201d, encerrou Danielle. O Pres\u00eddio Regional de Tijucas hoje possui 130 reeducandos trabalhando, o que corresponde a praticamente 50% dos internos. Atualmente, dez empresas privadas e p\u00fablicas oferecem oportunidade de trabalho na unidade. Na foto, Elishi Tami, Danielle Amorim Silva e K\u00e1tia Veras. Mais fotografias na Galeria de Imagens.<\/p>","protected":false},"excerpt":{"rendered":"<p>Mais de uma semana ap\u00f3s o encerramento da Mostra Casa Cor Santa Catarina 2013, ainda repercute positivamente a participa\u00e7\u00e3o do Pres\u00eddio de Tijucas no Evento. Destaque em alguns jornais de circula\u00e7\u00e3o estadual, as cortinas de conta de cer\u00e2mica que s\u00e3o produzidas por reeducandas da unidade renderam, inclusive, nota de elogio \u00e0 gerente Danielle Amorim Silva [&hellip;]<\/p>\n","protected":false},"author":6,"featured_media":13779,"comment_status":"open","ping_status":"open","sticky":false,"template":"","format":"standard","meta":{"_monsterinsights_skip_tracking":false,"_monsterinsights_sitenote_active":false,"_monsterinsights_sitenote_note":"","_monsterinsights_sitenote_category":0,"footnotes":"","_wp_rev_ctl_limit":""},"categories":[1296],"tags":[],"publishpress_future_action":{"enabled":false,"date":"2026-05-03 09:36:13","action":"change-status","newStatus":"draft","terms":[],"taxonomy":"category"},"publishpress_future_workflow_manual_trigger":{"enabledWorkflows":[]},"_links":{"self":[{"href":"https:\/\/sap.sc.gov.br\/en\/wp-json\/wp\/v2\/posts\/13356"}],"collection":[{"href":"https:\/\/sap.sc.gov.br\/en\/wp-json\/wp\/v2\/posts"}],"about":[{"href":"https:\/\/sap.sc.gov.br\/en\/wp-json\/wp\/v2\/types\/post"}],"author":[{"embeddable":true,"href":"https:\/\/sap.sc.gov.br\/en\/wp-json\/wp\/v2\/users\/6"}],"replies":[{"embeddable":true,"href":"https:\/\/sap.sc.gov.br\/en\/wp-json\/wp\/v2\/comments?post=13356"}],"version-history":[{"count":0,"href":"https:\/\/sap.sc.gov.br\/en\/wp-json\/wp\/v2\/posts\/13356\/revisions"}],"wp:featuredmedia":[{"embeddable":true,"href":"https:\/\/sap.sc.gov.br\/en\/wp-json\/wp\/v2\/media\/13779"}],"wp:attachment":[{"href":"https:\/\/sap.sc.gov.br\/en\/wp-json\/wp\/v2\/media?parent=13356"}],"wp:term":[{"taxonomy":"category","embeddable":true,"href":"https:\/\/sap.sc.gov.br\/en\/wp-json\/wp\/v2\/categories?post=13356"},{"taxonomy":"post_tag","embeddable":true,"href":"https:\/\/sap.sc.gov.br\/en\/wp-json\/wp\/v2\/tags?post=13356"}],"curies":[{"name":"wp","href":"https:\/\/api.w.org\/{rel}","templated":true}]}}