{"id":13357,"date":"2013-07-11T18:41:34","date_gmt":"2013-07-11T21:41:34","guid":{"rendered":"http:\/\/webdease2023.intranet.ciasc.gov.br\/2013\/07\/11\/presidio-feminino-de-florianopolis-tem-nova-gerente\/"},"modified":"2023-07-13T17:51:15","modified_gmt":"2023-07-13T20:51:15","slug":"presidio-feminino-de-florianopolis-tem-nova-gerente","status":"publish","type":"post","link":"https:\/\/sap.sc.gov.br\/en\/presidio-feminino-de-florianopolis-tem-nova-gerente\/","title":{"rendered":"Pres\u00eddio Feminino de Florian\u00f3polis tem nova gerente"},"content":{"rendered":"<\/p>\n<p style=\"text-align: justify;\">A agente penitenci\u00e1ria Bianca Calil Petri assumiu na tarde desta quinta-feira, 11, a ger\u00eancia do Pres\u00eddio Feminino de Florian\u00f3polis. Bianca assume a gest\u00e3o do Pres\u00eddio no lugar da tamb\u00e9m agente penitenci\u00e1ria Michele Rebello de Mesquita, que gerenciava a unidade desde dezembro do ano passado. A posse da nova gerente ocorreu no gabinete da dire\u00e7\u00e3o do Departamento de Administra\u00e7\u00e3o Prisional (Deap), e foi acompanhada por agentes penitenci\u00e1rios e pelo diretor do Deap, Leandro Ant\u00f4nio Soares Lima. \u201cA escolha da nova gestora segue a pol\u00edtica de valoriza\u00e7\u00e3o do agente penitenci\u00e1rio e a diretriz do Deap de manter a gest\u00e3o t\u00e9cnica de nossas unidades prisionais\u201d, lembrou Lima. O Pres\u00eddio Feminino de Florian\u00f3polis fica localizado no Complexo Penitenci\u00e1rio da Agron\u00f4mica e possui aproximadamente 120 reeducandas.<\/p>","protected":false},"excerpt":{"rendered":"<p>A agente penitenci\u00e1ria Bianca Calil Petri assumiu na tarde desta quinta-feira, 11, a ger\u00eancia do Pres\u00eddio Feminino de Florian\u00f3polis. Bianca assume a gest\u00e3o do Pres\u00eddio no lugar da tamb\u00e9m agente penitenci\u00e1ria Michele Rebello de Mesquita, que gerenciava a unidade desde dezembro do ano passado. A posse da nova gerente ocorreu no gabinete da dire\u00e7\u00e3o do [&hellip;]<\/p>\n","protected":false},"author":6,"featured_media":13781,"comment_status":"open","ping_status":"open","sticky":false,"template":"","format":"standard","meta":{"_monsterinsights_skip_tracking":false,"_monsterinsights_sitenote_active":false,"_monsterinsights_sitenote_note":"","_monsterinsights_sitenote_category":0,"footnotes":"","_wp_rev_ctl_limit":""},"categories":[1296],"tags":[],"publishpress_future_action":{"enabled":false,"date":"2026-05-03 09:36:22","action":"change-status","newStatus":"draft","terms":[],"taxonomy":"category"},"publishpress_future_workflow_manual_trigger":{"enabledWorkflows":[]},"_links":{"self":[{"href":"https:\/\/sap.sc.gov.br\/en\/wp-json\/wp\/v2\/posts\/13357"}],"collection":[{"href":"https:\/\/sap.sc.gov.br\/en\/wp-json\/wp\/v2\/posts"}],"about":[{"href":"https:\/\/sap.sc.gov.br\/en\/wp-json\/wp\/v2\/types\/post"}],"author":[{"embeddable":true,"href":"https:\/\/sap.sc.gov.br\/en\/wp-json\/wp\/v2\/users\/6"}],"replies":[{"embeddable":true,"href":"https:\/\/sap.sc.gov.br\/en\/wp-json\/wp\/v2\/comments?post=13357"}],"version-history":[{"count":0,"href":"https:\/\/sap.sc.gov.br\/en\/wp-json\/wp\/v2\/posts\/13357\/revisions"}],"wp:featuredmedia":[{"embeddable":true,"href":"https:\/\/sap.sc.gov.br\/en\/wp-json\/wp\/v2\/media\/13781"}],"wp:attachment":[{"href":"https:\/\/sap.sc.gov.br\/en\/wp-json\/wp\/v2\/media?parent=13357"}],"wp:term":[{"taxonomy":"category","embeddable":true,"href":"https:\/\/sap.sc.gov.br\/en\/wp-json\/wp\/v2\/categories?post=13357"},{"taxonomy":"post_tag","embeddable":true,"href":"https:\/\/sap.sc.gov.br\/en\/wp-json\/wp\/v2\/tags?post=13357"}],"curies":[{"name":"wp","href":"https:\/\/api.w.org\/{rel}","templated":true}]}}