{"id":13361,"date":"2013-07-08T18:48:07","date_gmt":"2013-07-08T21:48:07","guid":{"rendered":"http:\/\/webdease2023.intranet.ciasc.gov.br\/2013\/07\/08\/mais-um-convenio-de-trabalho-assinado-em-biguacu\/"},"modified":"2023-07-13T17:51:15","modified_gmt":"2023-07-13T20:51:15","slug":"mais-um-convenio-de-trabalho-assinado-em-biguacu","status":"publish","type":"post","link":"https:\/\/sap.sc.gov.br\/en\/mais-um-convenio-de-trabalho-assinado-em-biguacu\/","title":{"rendered":"Mais um conv\u00eanio de trabalho assinado em Bigua\u00e7u"},"content":{"rendered":"<\/p>\n<p style=\"text-align: justify;\">Um conv\u00eanio assinado entre a Prefeitura de Bigua\u00e7u e a Secretaria de Estado da Justi\u00e7a e Cidadania vai oferecer uma oportunidade de trabalho para reeducandos do Pres\u00eddio Masculino de Bigua\u00e7u. Atrav\u00e9s do \u201cProjeto Recome\u00e7ar\u201d, os apenados realizar\u00e3o trabalhos de manuten\u00e7\u00e3o e conserva\u00e7\u00e3o do patrim\u00f4nio p\u00fablico como escolas, pra\u00e7as e logradouros p\u00fa&nbsp;mil reeducandos, o que representa 43% da massa carcer\u00e1ria do Estado. Esses n\u00fameros foram divulgados no in\u00edcio do ano pelo Departamento Penitenci\u00e1rio Nacional, ligado ao Minist\u00e9rio da Justi\u00e7a. conv\u00eanio foi assinado pelo Prefeito Municipal de Bigua\u00e7u em Exerc\u00edcio, Ramon Wollinger, que tamb\u00e9m \u00e9 agente penitenci\u00e1rio, pelo Diretor do DEAP, Leandro Ant\u00f4nio Soares Lima, pelo Gerente do Pres\u00eddio Masculino de Bigua\u00e7u, Vilson Astrogildo de Souza e pelo Presidente do Conselho da Comunidade da Comarca de Bigua\u00e7u, Marcos Aur\u00e9lio de Souza. O evento foi prestigiado, ainda, por diversos secret\u00e1rios municipais e pelo Presidente da C\u00e2mara Municipal de Bigua\u00e7u, Manoel Airton Pereira, acompanhado pelos vereadores Ednei Muller Coelho, Jos\u00e9 Pedro Soares e L\u00e9dio Gerhardt.<\/p>","protected":false},"excerpt":{"rendered":"<p>Um conv\u00eanio assinado entre a Prefeitura de Bigua\u00e7u e a Secretaria de Estado da Justi\u00e7a e Cidadania vai oferecer uma oportunidade de trabalho para reeducandos do Pres\u00eddio Masculino de Bigua\u00e7u. Atrav\u00e9s do \u201cProjeto Recome\u00e7ar\u201d, os apenados realizar\u00e3o trabalhos de manuten\u00e7\u00e3o e conserva\u00e7\u00e3o do patrim\u00f4nio p\u00fablico como escolas, pra\u00e7as e logradouros p\u00fa&nbsp;mil reeducandos, o que representa [&hellip;]<\/p>\n","protected":false},"author":6,"featured_media":13786,"comment_status":"open","ping_status":"open","sticky":false,"template":"","format":"standard","meta":{"_monsterinsights_skip_tracking":false,"_monsterinsights_sitenote_active":false,"_monsterinsights_sitenote_note":"","_monsterinsights_sitenote_category":0,"footnotes":"","_wp_rev_ctl_limit":""},"categories":[1296],"tags":[],"publishpress_future_action":{"enabled":false,"date":"2026-05-03 09:36:21","action":"change-status","newStatus":"draft","terms":[],"taxonomy":"category"},"publishpress_future_workflow_manual_trigger":{"enabledWorkflows":[]},"_links":{"self":[{"href":"https:\/\/sap.sc.gov.br\/en\/wp-json\/wp\/v2\/posts\/13361"}],"collection":[{"href":"https:\/\/sap.sc.gov.br\/en\/wp-json\/wp\/v2\/posts"}],"about":[{"href":"https:\/\/sap.sc.gov.br\/en\/wp-json\/wp\/v2\/types\/post"}],"author":[{"embeddable":true,"href":"https:\/\/sap.sc.gov.br\/en\/wp-json\/wp\/v2\/users\/6"}],"replies":[{"embeddable":true,"href":"https:\/\/sap.sc.gov.br\/en\/wp-json\/wp\/v2\/comments?post=13361"}],"version-history":[{"count":0,"href":"https:\/\/sap.sc.gov.br\/en\/wp-json\/wp\/v2\/posts\/13361\/revisions"}],"wp:featuredmedia":[{"embeddable":true,"href":"https:\/\/sap.sc.gov.br\/en\/wp-json\/wp\/v2\/media\/13786"}],"wp:attachment":[{"href":"https:\/\/sap.sc.gov.br\/en\/wp-json\/wp\/v2\/media?parent=13361"}],"wp:term":[{"taxonomy":"category","embeddable":true,"href":"https:\/\/sap.sc.gov.br\/en\/wp-json\/wp\/v2\/categories?post=13361"},{"taxonomy":"post_tag","embeddable":true,"href":"https:\/\/sap.sc.gov.br\/en\/wp-json\/wp\/v2\/tags?post=13361"}],"curies":[{"name":"wp","href":"https:\/\/api.w.org\/{rel}","templated":true}]}}