{"id":13363,"date":"2013-06-26T18:51:56","date_gmt":"2013-06-26T21:51:56","guid":{"rendered":"http:\/\/webdease2023.intranet.ciasc.gov.br\/2013\/06\/26\/complexo-penitenciario-do-estado-podera-receber-nova-empresa\/"},"modified":"2023-07-13T17:51:15","modified_gmt":"2023-07-13T20:51:15","slug":"complexo-penitenciario-do-estado-podera-receber-nova-empresa","status":"publish","type":"post","link":"https:\/\/sap.sc.gov.br\/en\/complexo-penitenciario-do-estado-podera-receber-nova-empresa\/","title":{"rendered":"Complexo Penitenci\u00e1rio do Estado poder\u00e1 receber nova empresa"},"content":{"rendered":"<p style=\"text-align: justify;\">O Complexo Penitenci\u00e1rio do Estado, em S\u00e3o Pedro de Alc\u00e2ntara, recebeu a visita de empres\u00e1rios do ramo de \u00e1gua mineral, na semana passada. Os representantes da empresa, sediada no munic\u00edpio de Palho\u00e7a, estiveram no local para verificar a viabilidade de instalar uma unidade de produ\u00e7\u00e3o da no Complexo, o que foi confirmado pela dire\u00e7\u00e3o da penitenci\u00e1ria. A visita percorreu toda a estrutura da unidade, acompanhada pelo Diretor da Penitenci\u00e1ria, Edemir Alexandre Camargo Neto, e a empresa demonstrou interesse em fechar contrato com o Estado para instala\u00e7\u00e3o de uma unidade no Complexo. Atualmente, a unidade abriga unidades de quatro empresas privadas, que oferecem oportunidade de trabalho aos apenados.<\/p>","protected":false},"excerpt":{"rendered":"<p>O Complexo Penitenci\u00e1rio do Estado, em S\u00e3o Pedro de Alc\u00e2ntara, recebeu a visita de empres\u00e1rios do ramo de \u00e1gua mineral, na semana passada. Os representantes da empresa, sediada no munic\u00edpio de Palho\u00e7a, estiveram no local para verificar a viabilidade de instalar uma unidade de produ\u00e7\u00e3o da no Complexo, o que foi confirmado pela dire\u00e7\u00e3o da [&hellip;]<\/p>\n","protected":false},"author":6,"featured_media":13789,"comment_status":"open","ping_status":"open","sticky":false,"template":"","format":"standard","meta":{"_monsterinsights_skip_tracking":false,"_monsterinsights_sitenote_active":false,"_monsterinsights_sitenote_note":"","_monsterinsights_sitenote_category":0,"footnotes":"","_wp_rev_ctl_limit":""},"categories":[1296],"tags":[],"publishpress_future_action":{"enabled":false,"date":"2026-05-03 09:37:05","action":"change-status","newStatus":"draft","terms":[],"taxonomy":"category"},"publishpress_future_workflow_manual_trigger":{"enabledWorkflows":[]},"_links":{"self":[{"href":"https:\/\/sap.sc.gov.br\/en\/wp-json\/wp\/v2\/posts\/13363"}],"collection":[{"href":"https:\/\/sap.sc.gov.br\/en\/wp-json\/wp\/v2\/posts"}],"about":[{"href":"https:\/\/sap.sc.gov.br\/en\/wp-json\/wp\/v2\/types\/post"}],"author":[{"embeddable":true,"href":"https:\/\/sap.sc.gov.br\/en\/wp-json\/wp\/v2\/users\/6"}],"replies":[{"embeddable":true,"href":"https:\/\/sap.sc.gov.br\/en\/wp-json\/wp\/v2\/comments?post=13363"}],"version-history":[{"count":0,"href":"https:\/\/sap.sc.gov.br\/en\/wp-json\/wp\/v2\/posts\/13363\/revisions"}],"wp:featuredmedia":[{"embeddable":true,"href":"https:\/\/sap.sc.gov.br\/en\/wp-json\/wp\/v2\/media\/13789"}],"wp:attachment":[{"href":"https:\/\/sap.sc.gov.br\/en\/wp-json\/wp\/v2\/media?parent=13363"}],"wp:term":[{"taxonomy":"category","embeddable":true,"href":"https:\/\/sap.sc.gov.br\/en\/wp-json\/wp\/v2\/categories?post=13363"},{"taxonomy":"post_tag","embeddable":true,"href":"https:\/\/sap.sc.gov.br\/en\/wp-json\/wp\/v2\/tags?post=13363"}],"curies":[{"name":"wp","href":"https:\/\/api.w.org\/{rel}","templated":true}]}}