{"id":13365,"date":"2013-06-19T18:57:51","date_gmt":"2013-06-19T21:57:51","guid":{"rendered":"http:\/\/webdease2023.intranet.ciasc.gov.br\/2013\/06\/19\/dia-20-de-junho-dia-estadual-do-agente-penitenciario\/"},"modified":"2023-07-13T17:51:15","modified_gmt":"2023-07-13T20:51:15","slug":"dia-20-de-junho-dia-estadual-do-agente-penitenciario","status":"publish","type":"post","link":"https:\/\/sap.sc.gov.br\/en\/dia-20-de-junho-dia-estadual-do-agente-penitenciario\/","title":{"rendered":"Dia 20 de junho \u2013 Dia Estadual do Agente Penitenci\u00e1rio"},"content":{"rendered":"<p style=\"text-align: justify;\">Para aqueles que enfrentam a labuta di\u00e1ria no seio de uma unidade prisional, todo dia \u00e9 um dia de vit\u00f3ria. Para os que pensam em seus familiares enquanto garantem a seguran\u00e7a de milhares de fam\u00edlias, todo dia \u00e9 um dia a celebrar. Para os abnegados trabalhadores que convivem de frente com os riscos e perigos da profiss\u00e3o, todo dia \u00e9 um dia louv\u00e1vel. Para os servidores que, em fun\u00e7\u00e3o do seu of\u00edcio, s\u00e3o diariamente julgados por suas atividades, todo dia \u00e9 uma \u00e1rdua conquista. Para os que enfrentam horas a fio, duras jornadas, em nome do bem de toda uma sociedade, todo dia \u00e9 digno de homenagens. Por isso, quero aproveitar este dia 20 de junho, institu\u00eddo como o Dia Estadual do Agente Penitenci\u00e1rio, para dedicar meus sinceros agradecimentos \u00e0s mulheres e homens que transformam e dignificam o sistema prisional catarinense, atrav\u00e9s de um honroso trabalho que, mesmo alvo de duras cr\u00edticas, \u00e9 reconhecidamente constru\u00eddo em s\u00f3lidas bases. Parab\u00e9ns colegas, pelo nosso dia. Continuemos a desempenhar nosso of\u00edcio com a mesma honradez, dignidade e decoro que nos fazem grandes. Muito Obrigado, Leandro Ant\u00f4nio Soares Lima &#8211; Agente Penitenci\u00e1rio &#8211; Diretor.<\/p>","protected":false},"excerpt":{"rendered":"<p>Para aqueles que enfrentam a labuta di\u00e1ria no seio de uma unidade prisional, todo dia \u00e9 um dia de vit\u00f3ria. Para os que pensam em seus familiares enquanto garantem a seguran\u00e7a de milhares de fam\u00edlias, todo dia \u00e9 um dia a celebrar. Para os abnegados trabalhadores que convivem de frente com os riscos e perigos [&hellip;]<\/p>\n","protected":false},"author":6,"featured_media":13793,"comment_status":"open","ping_status":"open","sticky":false,"template":"","format":"standard","meta":{"_monsterinsights_skip_tracking":false,"_monsterinsights_sitenote_active":false,"_monsterinsights_sitenote_note":"","_monsterinsights_sitenote_category":0,"footnotes":"","_wp_rev_ctl_limit":""},"categories":[1296],"tags":[],"publishpress_future_action":{"enabled":false,"date":"2026-05-03 09:36:21","action":"change-status","newStatus":"draft","terms":[],"taxonomy":"category"},"publishpress_future_workflow_manual_trigger":{"enabledWorkflows":[]},"_links":{"self":[{"href":"https:\/\/sap.sc.gov.br\/en\/wp-json\/wp\/v2\/posts\/13365"}],"collection":[{"href":"https:\/\/sap.sc.gov.br\/en\/wp-json\/wp\/v2\/posts"}],"about":[{"href":"https:\/\/sap.sc.gov.br\/en\/wp-json\/wp\/v2\/types\/post"}],"author":[{"embeddable":true,"href":"https:\/\/sap.sc.gov.br\/en\/wp-json\/wp\/v2\/users\/6"}],"replies":[{"embeddable":true,"href":"https:\/\/sap.sc.gov.br\/en\/wp-json\/wp\/v2\/comments?post=13365"}],"version-history":[{"count":0,"href":"https:\/\/sap.sc.gov.br\/en\/wp-json\/wp\/v2\/posts\/13365\/revisions"}],"wp:featuredmedia":[{"embeddable":true,"href":"https:\/\/sap.sc.gov.br\/en\/wp-json\/wp\/v2\/media\/13793"}],"wp:attachment":[{"href":"https:\/\/sap.sc.gov.br\/en\/wp-json\/wp\/v2\/media?parent=13365"}],"wp:term":[{"taxonomy":"category","embeddable":true,"href":"https:\/\/sap.sc.gov.br\/en\/wp-json\/wp\/v2\/categories?post=13365"},{"taxonomy":"post_tag","embeddable":true,"href":"https:\/\/sap.sc.gov.br\/en\/wp-json\/wp\/v2\/tags?post=13365"}],"curies":[{"name":"wp","href":"https:\/\/api.w.org\/{rel}","templated":true}]}}