{"id":13366,"date":"2013-06-19T17:12:18","date_gmt":"2013-06-19T20:12:18","guid":{"rendered":"http:\/\/webdease2023.intranet.ciasc.gov.br\/2013\/06\/19\/visitante-e-apreendida-com-drogas-em-sao-pedro-de-alcantara\/"},"modified":"2023-07-13T17:51:19","modified_gmt":"2023-07-13T20:51:19","slug":"visitante-e-apreendida-com-drogas-em-sao-pedro-de-alcantara","status":"publish","type":"post","link":"https:\/\/sap.sc.gov.br\/en\/visitante-e-apreendida-com-drogas-em-sao-pedro-de-alcantara\/","title":{"rendered":"Visitante \u00e9 apreendida com drogas em S\u00e3o Pedro de Alc\u00e2ntara"},"content":{"rendered":"<p style=\"text-align: justify;\">Na \u00faltima sexta-feira, 14, uma mulher foi apreendida no Complexo Penitenci\u00e1rio do Estado, suspeita de portar drogas. Ap\u00f3s a visita, agentes penitenci\u00e1rios encontraram com o reeducando quatro pequenas embalagens com subst\u00e2ncia similar a maconha e outras quatro com fumo de corda (n\u00e3o \u00e9 permitido entrada de cigarros e fumo na unidade). Ap\u00f3s encontrados os il\u00edcitos com o reeducando, em revista aos pertences da visitante, foram encontradas mais uma bucha de substancia similar a maconha e um cart\u00e3o MicroSD com imagens de internos. A visitante e todo o material para per\u00edcia foram encaminhados \u00e0 Delegacia da regi\u00e3o e a devida ocorr\u00eancia registrada junto \u00e0 Pol\u00edcia Civil para provid\u00eancias.<\/p>","protected":false},"excerpt":{"rendered":"<p>Na \u00faltima sexta-feira, 14, uma mulher foi apreendida no Complexo Penitenci\u00e1rio do Estado, suspeita de portar drogas. Ap\u00f3s a visita, agentes penitenci\u00e1rios encontraram com o reeducando quatro pequenas embalagens com subst\u00e2ncia similar a maconha e outras quatro com fumo de corda (n\u00e3o \u00e9 permitido entrada de cigarros e fumo na unidade). Ap\u00f3s encontrados os il\u00edcitos [&hellip;]<\/p>\n","protected":false},"author":6,"featured_media":13824,"comment_status":"open","ping_status":"open","sticky":false,"template":"","format":"standard","meta":{"_monsterinsights_skip_tracking":false,"_monsterinsights_sitenote_active":false,"_monsterinsights_sitenote_note":"","_monsterinsights_sitenote_category":0,"footnotes":"","_wp_rev_ctl_limit":""},"categories":[1296],"tags":[],"publishpress_future_action":{"enabled":false,"date":"2026-05-03 09:37:03","action":"change-status","newStatus":"draft","terms":[],"taxonomy":"category"},"publishpress_future_workflow_manual_trigger":{"enabledWorkflows":[]},"_links":{"self":[{"href":"https:\/\/sap.sc.gov.br\/en\/wp-json\/wp\/v2\/posts\/13366"}],"collection":[{"href":"https:\/\/sap.sc.gov.br\/en\/wp-json\/wp\/v2\/posts"}],"about":[{"href":"https:\/\/sap.sc.gov.br\/en\/wp-json\/wp\/v2\/types\/post"}],"author":[{"embeddable":true,"href":"https:\/\/sap.sc.gov.br\/en\/wp-json\/wp\/v2\/users\/6"}],"replies":[{"embeddable":true,"href":"https:\/\/sap.sc.gov.br\/en\/wp-json\/wp\/v2\/comments?post=13366"}],"version-history":[{"count":0,"href":"https:\/\/sap.sc.gov.br\/en\/wp-json\/wp\/v2\/posts\/13366\/revisions"}],"wp:featuredmedia":[{"embeddable":true,"href":"https:\/\/sap.sc.gov.br\/en\/wp-json\/wp\/v2\/media\/13824"}],"wp:attachment":[{"href":"https:\/\/sap.sc.gov.br\/en\/wp-json\/wp\/v2\/media?parent=13366"}],"wp:term":[{"taxonomy":"category","embeddable":true,"href":"https:\/\/sap.sc.gov.br\/en\/wp-json\/wp\/v2\/categories?post=13366"},{"taxonomy":"post_tag","embeddable":true,"href":"https:\/\/sap.sc.gov.br\/en\/wp-json\/wp\/v2\/tags?post=13366"}],"curies":[{"name":"wp","href":"https:\/\/api.w.org\/{rel}","templated":true}]}}