{"id":13371,"date":"2013-06-03T17:34:55","date_gmt":"2013-06-03T20:34:55","guid":{"rendered":"http:\/\/webdease2023.intranet.ciasc.gov.br\/2013\/06\/03\/nota-oficial-03-06-2013\/"},"modified":"2023-07-13T17:51:22","modified_gmt":"2023-07-13T20:51:22","slug":"nota-oficial-03-06-2013","status":"publish","type":"post","link":"https:\/\/sap.sc.gov.br\/en\/nota-oficial-03-06-2013\/","title":{"rendered":"Nota Oficial &#8211; 03\/06\/2013"},"content":{"rendered":"<p style=\"text-align: justify;\">A Secretaria de Estado da Justi\u00e7a e Cidadania (SJC) e o Departamento de Administra\u00e7\u00e3o Prisional (Deap) se dirigem aos agentes penitenci\u00e1rios catarinenses, a fim de dar publicidade \u00e0s a\u00e7\u00f5es que est\u00e3o sendo executadas em prol do cumprimento do acordo estabelecido entre servidores e Governo do Estado, assinado no \u00faltimo movimento reivindicat\u00f3rio realizado pela categoria: 1) Os agentes penitenci\u00e1rios aprovados no \u00faltimo concurso, ainda que tenham feito a academia de forma\u00e7\u00e3o, somente n\u00e3o est\u00e3o trabalhando atualmente por decis\u00e3o exarada pelo Judici\u00e1rio. Nem a Secretaria nem o Governo do Estado t\u00eam autonomia para determinar a posse dos referidos servidores, que somente podem assumir suas fun\u00e7\u00f5es ap\u00f3s a decis\u00e3o da justi\u00e7a. Governo do Estado e Secretaria est\u00e3o acompanhando o trabalho do judici\u00e1rio e cobrando, atrav\u00e9s de suas ferramentas legais, a devida celeridade aos processos; 2) A decis\u00e3o de contrata\u00e7\u00e3o de agentes penitenci\u00e1rios na modalidade de Admiss\u00e3o em Car\u00e1ter Tempor\u00e1rio (ACT), no Complexo Penitenci\u00e1rio do Estado, em S\u00e3o Pedro de Alc\u00e2ntara, foi tomada como uma medida emergencial para amenizar o d\u00e9ficit de servidores at\u00e9 que os aprovados no novo concurso sejam empossados. Os prazos legais como o tempo de vig\u00eancia do edital para inscri\u00e7\u00e3o, realiza\u00e7\u00e3o da prova, sele\u00e7\u00e3o dos aprovados e academia de forma\u00e7\u00e3o devem ser respeitados e, portanto, somente ap\u00f3s decorridos alguns meses os novos concursados estar\u00e3o definitivamente desempenhando suas fun\u00e7\u00f5es. A Secretaria e o Deap lembram que a contrata\u00e7\u00e3o dos ACT`s n\u00e3o caracteriza terceiriza\u00e7\u00e3o, uma vez que todos ser\u00e3o contratados diretamente pelo Estado, em regime pr\u00f3prio, atrav\u00e9s de um edital e processo seletivo simplificado, j\u00e1 iniciado; 3) A aquisi\u00e7\u00e3o dos equipamentos de seguran\u00e7a e ve\u00edculos prevista no acordo j\u00e1 foi iniciada. O processo licitat\u00f3rio de aquisi\u00e7\u00e3o de novas 60 viaturas j\u00e1 se encerrou e possui proposta vencedora. Caso n\u00e3o seja contestada, a empresa tem 90 dias para entrega dos ve\u00edculos. O Deap j\u00e1 distribuiu a primeira remessa de 700 coletes bal\u00edsticos \u00e0s unidades catarinenses. Mais duas remessas que totalizam 1.400 coletes ser\u00e3o efetivadas ainda neste ano. Todos os termos que implicam em aquisi\u00e7\u00e3o de equipamentos para operacionaliza\u00e7\u00e3o segura do sistema prisional catarinense, previstos em acordo, est\u00e3o sendo cumpridos; e 4) A primeira parcela do aumento concedido aos servidores da SJC foi paga neste m\u00eas, conforme previsto no acordo assinado. O Governo do Estado se comprometer\u00e1 em cumprir fielmente aquilo que foi estabelecido em documento oficial. A SJC e o Deap pedem aos agentes penitenci\u00e1rios catarinenses que, no atual momento, mantenham a normalidade do funcionamento das unidades prisionais do Estado, na certeza de que todas as medidas acordadas est\u00e3o sendo efetivadas na maior celeridade que a legisla\u00e7\u00e3o nos permite. Nosso compromisso com todos os servidores ser\u00e1 rigorosamente cumprido e todas as a\u00e7\u00f5es empreendidas em prol do cumprimento do acordo estabelecido est\u00e3o dispon\u00edveis para consulta e constata\u00e7\u00e3o a qualquer tempo.<\/p>","protected":false},"excerpt":{"rendered":"<p>A Secretaria de Estado da Justi\u00e7a e Cidadania (SJC) e o Departamento de Administra\u00e7\u00e3o Prisional (Deap) se dirigem aos agentes penitenci\u00e1rios catarinenses, a fim de dar publicidade \u00e0s a\u00e7\u00f5es que est\u00e3o sendo executadas em prol do cumprimento do acordo estabelecido entre servidores e Governo do Estado, assinado no \u00faltimo movimento reivindicat\u00f3rio realizado pela categoria: 1) [&hellip;]<\/p>\n","protected":false},"author":6,"featured_media":13755,"comment_status":"open","ping_status":"open","sticky":false,"template":"","format":"standard","meta":{"_monsterinsights_skip_tracking":false,"_monsterinsights_sitenote_active":false,"_monsterinsights_sitenote_note":"","_monsterinsights_sitenote_category":0,"footnotes":"","_wp_rev_ctl_limit":""},"categories":[1296],"tags":[],"publishpress_future_action":{"enabled":false,"date":"2026-05-03 09:36:22","action":"change-status","newStatus":"draft","terms":[],"taxonomy":"category"},"publishpress_future_workflow_manual_trigger":{"enabledWorkflows":[]},"_links":{"self":[{"href":"https:\/\/sap.sc.gov.br\/en\/wp-json\/wp\/v2\/posts\/13371"}],"collection":[{"href":"https:\/\/sap.sc.gov.br\/en\/wp-json\/wp\/v2\/posts"}],"about":[{"href":"https:\/\/sap.sc.gov.br\/en\/wp-json\/wp\/v2\/types\/post"}],"author":[{"embeddable":true,"href":"https:\/\/sap.sc.gov.br\/en\/wp-json\/wp\/v2\/users\/6"}],"replies":[{"embeddable":true,"href":"https:\/\/sap.sc.gov.br\/en\/wp-json\/wp\/v2\/comments?post=13371"}],"version-history":[{"count":0,"href":"https:\/\/sap.sc.gov.br\/en\/wp-json\/wp\/v2\/posts\/13371\/revisions"}],"wp:featuredmedia":[{"embeddable":true,"href":"https:\/\/sap.sc.gov.br\/en\/wp-json\/wp\/v2\/media\/13755"}],"wp:attachment":[{"href":"https:\/\/sap.sc.gov.br\/en\/wp-json\/wp\/v2\/media?parent=13371"}],"wp:term":[{"taxonomy":"category","embeddable":true,"href":"https:\/\/sap.sc.gov.br\/en\/wp-json\/wp\/v2\/categories?post=13371"},{"taxonomy":"post_tag","embeddable":true,"href":"https:\/\/sap.sc.gov.br\/en\/wp-json\/wp\/v2\/tags?post=13371"}],"curies":[{"name":"wp","href":"https:\/\/api.w.org\/{rel}","templated":true}]}}