{"id":13372,"date":"2013-11-12T18:38:00","date_gmt":"2013-11-12T20:38:00","guid":{"rendered":"http:\/\/webdease2023.intranet.ciasc.gov.br\/2013\/11\/12\/nota-de-esclarecimento-12-11-2013\/"},"modified":"2023-07-13T17:51:08","modified_gmt":"2023-07-13T20:51:08","slug":"nota-de-esclarecimento-12-11-2013","status":"publish","type":"post","link":"https:\/\/sap.sc.gov.br\/en\/nota-de-esclarecimento-12-11-2013\/","title":{"rendered":"Nota de Esclarecimento &#8211; 12\/11\/2013"},"content":{"rendered":"<p style=\"text-align: justify;\">O Departamento de Administra\u00e7\u00e3o Prisional (Deap) informa que durante a madrugada desta ter\u00e7a-feira, 12, uma tentativa de fuga foi frustrada no Pres\u00eddio Regional de Chapec\u00f3. Durante a conten\u00e7\u00e3o um detento foi atingido com um tiro, sem gravidade, e prontamente atendido pelo Servi\u00e7o de Atendimento M\u00f3vel de Urg\u00eancia. Todas as medidas legais e periciais foram tomadas e a situa\u00e7\u00e3o segue normalizada na unidade.<\/p>","protected":false},"excerpt":{"rendered":"<p>O Departamento de Administra\u00e7\u00e3o Prisional (Deap) informa que durante a madrugada desta ter\u00e7a-feira, 12, uma tentativa de fuga foi frustrada no Pres\u00eddio Regional de Chapec\u00f3. Durante a conten\u00e7\u00e3o um detento foi atingido com um tiro, sem gravidade, e prontamente atendido pelo Servi\u00e7o de Atendimento M\u00f3vel de Urg\u00eancia. Todas as medidas legais e periciais foram tomadas [&hellip;]<\/p>\n","protected":false},"author":6,"featured_media":13734,"comment_status":"open","ping_status":"open","sticky":false,"template":"","format":"standard","meta":{"_monsterinsights_skip_tracking":false,"_monsterinsights_sitenote_active":false,"_monsterinsights_sitenote_note":"","_monsterinsights_sitenote_category":0,"footnotes":"","_wp_rev_ctl_limit":""},"categories":[1296],"tags":[],"publishpress_future_action":{"enabled":false,"date":"2026-05-03 09:35:40","action":"change-status","newStatus":"draft","terms":[],"taxonomy":"category"},"publishpress_future_workflow_manual_trigger":{"enabledWorkflows":[]},"_links":{"self":[{"href":"https:\/\/sap.sc.gov.br\/en\/wp-json\/wp\/v2\/posts\/13372"}],"collection":[{"href":"https:\/\/sap.sc.gov.br\/en\/wp-json\/wp\/v2\/posts"}],"about":[{"href":"https:\/\/sap.sc.gov.br\/en\/wp-json\/wp\/v2\/types\/post"}],"author":[{"embeddable":true,"href":"https:\/\/sap.sc.gov.br\/en\/wp-json\/wp\/v2\/users\/6"}],"replies":[{"embeddable":true,"href":"https:\/\/sap.sc.gov.br\/en\/wp-json\/wp\/v2\/comments?post=13372"}],"version-history":[{"count":0,"href":"https:\/\/sap.sc.gov.br\/en\/wp-json\/wp\/v2\/posts\/13372\/revisions"}],"wp:featuredmedia":[{"embeddable":true,"href":"https:\/\/sap.sc.gov.br\/en\/wp-json\/wp\/v2\/media\/13734"}],"wp:attachment":[{"href":"https:\/\/sap.sc.gov.br\/en\/wp-json\/wp\/v2\/media?parent=13372"}],"wp:term":[{"taxonomy":"category","embeddable":true,"href":"https:\/\/sap.sc.gov.br\/en\/wp-json\/wp\/v2\/categories?post=13372"},{"taxonomy":"post_tag","embeddable":true,"href":"https:\/\/sap.sc.gov.br\/en\/wp-json\/wp\/v2\/tags?post=13372"}],"curies":[{"name":"wp","href":"https:\/\/api.w.org\/{rel}","templated":true}]}}