{"id":13373,"date":"2013-11-05T16:46:22","date_gmt":"2013-11-05T18:46:22","guid":{"rendered":"http:\/\/webdease2023.intranet.ciasc.gov.br\/2013\/11\/05\/eleicao-para-diretoria-asspef\/"},"modified":"2023-07-13T17:51:08","modified_gmt":"2023-07-13T20:51:08","slug":"eleicao-para-diretoria-asspef","status":"publish","type":"post","link":"https:\/\/sap.sc.gov.br\/en\/eleicao-para-diretoria-asspef\/","title":{"rendered":"Elei\u00e7\u00e3o para diretoria ASSPEF"},"content":{"rendered":"<p style=\"text-align: justify;\">A Associa\u00e7\u00e3o de Servidores da Penitenci\u00e1ria de Florian\u00f3polis informa que est\u00e3o abertas as inscri\u00e7\u00f5es de chapas para elei\u00e7\u00e3o de sua nova Diretoria. Os interessados em participar devem entrar em contato como servidor Fernando Cardoso, na Penitenci\u00e1ria da Agron\u00f4mica pelo telefone 2107-2817 ou pelo e-mail <a href=\"mailto:fernandocardoso@deap.sc.gov.br\">fernandocardoso@deap.sc.gov.br<\/a><\/p>","protected":false},"excerpt":{"rendered":"<p>A Associa\u00e7\u00e3o de Servidores da Penitenci\u00e1ria de Florian\u00f3polis informa que est\u00e3o abertas as inscri\u00e7\u00f5es de chapas para elei\u00e7\u00e3o de sua nova Diretoria. Os interessados em participar devem entrar em contato como servidor Fernando Cardoso, na Penitenci\u00e1ria da Agron\u00f4mica pelo telefone 2107-2817 ou pelo e-mail fernandocardoso@deap.sc.gov.br<\/p>","protected":false},"author":6,"featured_media":13734,"comment_status":"open","ping_status":"open","sticky":false,"template":"","format":"standard","meta":{"_monsterinsights_skip_tracking":false,"_monsterinsights_sitenote_active":false,"_monsterinsights_sitenote_note":"","_monsterinsights_sitenote_category":0,"footnotes":"","_wp_rev_ctl_limit":""},"categories":[1296],"tags":[],"publishpress_future_action":{"enabled":false,"date":"2026-05-03 09:35:38","action":"change-status","newStatus":"draft","terms":[],"taxonomy":"category"},"publishpress_future_workflow_manual_trigger":{"enabledWorkflows":[]},"_links":{"self":[{"href":"https:\/\/sap.sc.gov.br\/en\/wp-json\/wp\/v2\/posts\/13373"}],"collection":[{"href":"https:\/\/sap.sc.gov.br\/en\/wp-json\/wp\/v2\/posts"}],"about":[{"href":"https:\/\/sap.sc.gov.br\/en\/wp-json\/wp\/v2\/types\/post"}],"author":[{"embeddable":true,"href":"https:\/\/sap.sc.gov.br\/en\/wp-json\/wp\/v2\/users\/6"}],"replies":[{"embeddable":true,"href":"https:\/\/sap.sc.gov.br\/en\/wp-json\/wp\/v2\/comments?post=13373"}],"version-history":[{"count":0,"href":"https:\/\/sap.sc.gov.br\/en\/wp-json\/wp\/v2\/posts\/13373\/revisions"}],"wp:featuredmedia":[{"embeddable":true,"href":"https:\/\/sap.sc.gov.br\/en\/wp-json\/wp\/v2\/media\/13734"}],"wp:attachment":[{"href":"https:\/\/sap.sc.gov.br\/en\/wp-json\/wp\/v2\/media?parent=13373"}],"wp:term":[{"taxonomy":"category","embeddable":true,"href":"https:\/\/sap.sc.gov.br\/en\/wp-json\/wp\/v2\/categories?post=13373"},{"taxonomy":"post_tag","embeddable":true,"href":"https:\/\/sap.sc.gov.br\/en\/wp-json\/wp\/v2\/tags?post=13373"}],"curies":[{"name":"wp","href":"https:\/\/api.w.org\/{rel}","templated":true}]}}