{"id":13375,"date":"2013-10-31T16:50:53","date_gmt":"2013-10-31T18:50:53","guid":{"rendered":"http:\/\/webdease2023.intranet.ciasc.gov.br\/2013\/10\/31\/presidio-feminino-da-capital-confecciona-trajes-esportivos\/"},"modified":"2023-07-13T17:51:10","modified_gmt":"2023-07-13T20:51:10","slug":"presidio-feminino-da-capital-confecciona-trajes-esportivos","status":"publish","type":"post","link":"https:\/\/sap.sc.gov.br\/en\/presidio-feminino-da-capital-confecciona-trajes-esportivos\/","title":{"rendered":"Pres\u00eddio Feminino da Capital confecciona trajes esportivos"},"content":{"rendered":"<p style=\"text-align: justify;\">As internas do Pres\u00eddio Feminino da Capital est\u00e3o trabalhando na confec\u00e7\u00e3o de roupas esportivas para competi\u00e7\u00e3o de esportes de alto rendimento, como tri\u00e1tlon e maratonas. Em parceria com a estilista Mimi Wolf, a empresa Srpint contratou a malharia instalada nas depend\u00eancias da unidade que passa a produzir os trajes que ser\u00e3o utilizados em competi\u00e7\u00f5es como Iron Man e Maratona de S\u00e3o Silvestre. \u201cEsse \u00e9 o resultado da busca que esta Administra\u00e7\u00e3o tem empreendido na prospec\u00e7\u00e3o de novas oportunidades de aprendizado e trabalho para nossas internas, oferecendo a oportunidade de mais uma capacita\u00e7\u00e3o profissional\u201d, destaca Bianca Calil Petri, Gerente do Pres\u00eddio. Al\u00e9m do consumo em competi\u00e7\u00f5es nacionais, os trajes produzidos no Pres\u00eddio Feminino ainda ser\u00e3o utilizados em torneios internacionais.<\/p>","protected":false},"excerpt":{"rendered":"<p>As internas do Pres\u00eddio Feminino da Capital est\u00e3o trabalhando na confec\u00e7\u00e3o de roupas esportivas para competi\u00e7\u00e3o de esportes de alto rendimento, como tri\u00e1tlon e maratonas. Em parceria com a estilista Mimi Wolf, a empresa Srpint contratou a malharia instalada nas depend\u00eancias da unidade que passa a produzir os trajes que ser\u00e3o utilizados em competi\u00e7\u00f5es como [&hellip;]<\/p>\n","protected":false},"author":6,"featured_media":13743,"comment_status":"open","ping_status":"open","sticky":false,"template":"","format":"standard","meta":{"_monsterinsights_skip_tracking":false,"_monsterinsights_sitenote_active":false,"_monsterinsights_sitenote_note":"","_monsterinsights_sitenote_category":0,"footnotes":"","_wp_rev_ctl_limit":""},"categories":[1296],"tags":[],"publishpress_future_action":{"enabled":false,"date":"2026-05-03 09:35:37","action":"change-status","newStatus":"draft","terms":[],"taxonomy":"category"},"publishpress_future_workflow_manual_trigger":{"enabledWorkflows":[]},"_links":{"self":[{"href":"https:\/\/sap.sc.gov.br\/en\/wp-json\/wp\/v2\/posts\/13375"}],"collection":[{"href":"https:\/\/sap.sc.gov.br\/en\/wp-json\/wp\/v2\/posts"}],"about":[{"href":"https:\/\/sap.sc.gov.br\/en\/wp-json\/wp\/v2\/types\/post"}],"author":[{"embeddable":true,"href":"https:\/\/sap.sc.gov.br\/en\/wp-json\/wp\/v2\/users\/6"}],"replies":[{"embeddable":true,"href":"https:\/\/sap.sc.gov.br\/en\/wp-json\/wp\/v2\/comments?post=13375"}],"version-history":[{"count":0,"href":"https:\/\/sap.sc.gov.br\/en\/wp-json\/wp\/v2\/posts\/13375\/revisions"}],"wp:featuredmedia":[{"embeddable":true,"href":"https:\/\/sap.sc.gov.br\/en\/wp-json\/wp\/v2\/media\/13743"}],"wp:attachment":[{"href":"https:\/\/sap.sc.gov.br\/en\/wp-json\/wp\/v2\/media?parent=13375"}],"wp:term":[{"taxonomy":"category","embeddable":true,"href":"https:\/\/sap.sc.gov.br\/en\/wp-json\/wp\/v2\/categories?post=13375"},{"taxonomy":"post_tag","embeddable":true,"href":"https:\/\/sap.sc.gov.br\/en\/wp-json\/wp\/v2\/tags?post=13375"}],"curies":[{"name":"wp","href":"https:\/\/api.w.org\/{rel}","templated":true}]}}