{"id":13377,"date":"2013-10-23T19:03:00","date_gmt":"2013-10-23T21:03:00","guid":{"rendered":"http:\/\/webdease2023.intranet.ciasc.gov.br\/2013\/10\/23\/agentes-penitenciarios-catarinenses-organizam-semana-de-luto-no-sistema-prisional-do-estado\/"},"modified":"2023-07-13T17:51:10","modified_gmt":"2023-07-13T20:51:10","slug":"agentes-penitenciarios-catarinenses-organizam-semana-de-luto-no-sistema-prisional-do-estado","status":"publish","type":"post","link":"https:\/\/sap.sc.gov.br\/en\/agentes-penitenciarios-catarinenses-organizam-semana-de-luto-no-sistema-prisional-do-estado\/","title":{"rendered":"Agentes Penitenci\u00e1rios catarinenses organizam semana de luto no sistema prisional do Estado"},"content":{"rendered":"<p style=\"text-align: justify;\">Um ano ap\u00f3s o assassinato da agente penitenci\u00e1ria Deise Fernanda de Melo Pereira Alves, alvejada em uma emboscada quando chegava a sua resid\u00eancia, na cidade de S\u00e3o Jos\u00e9, os agentes penitenci\u00e1rios do Estado organizam uma semana de luto no sistema prisional de Santa Catarina. Durante a semana diversas a\u00e7\u00f5es e procedimentos ser\u00e3o adotados em todo o Estado pelos servidores do sistema prisional, como forma de homenagem e protesto \u00e0 morte de Deise. O Departamento de Administra\u00e7\u00e3o Prisional, em solidariedade aos agentes penitenci\u00e1rios catarinenses e em homenagem \u00e0 colega Deise, usar\u00e1 durante esta semana o s\u00edmbolo de luto sobre seu logotipo, no cabe\u00e7alho de seu website (aos que acessam o site diariamente, pressionar F5 para visualizar).<\/p>","protected":false},"excerpt":{"rendered":"<p>Um ano ap\u00f3s o assassinato da agente penitenci\u00e1ria Deise Fernanda de Melo Pereira Alves, alvejada em uma emboscada quando chegava a sua resid\u00eancia, na cidade de S\u00e3o Jos\u00e9, os agentes penitenci\u00e1rios do Estado organizam uma semana de luto no sistema prisional de Santa Catarina. Durante a semana diversas a\u00e7\u00f5es e procedimentos ser\u00e3o adotados em todo [&hellip;]<\/p>\n","protected":false},"author":6,"featured_media":13746,"comment_status":"open","ping_status":"open","sticky":false,"template":"","format":"standard","meta":{"_monsterinsights_skip_tracking":false,"_monsterinsights_sitenote_active":false,"_monsterinsights_sitenote_note":"","_monsterinsights_sitenote_category":0,"footnotes":"","_wp_rev_ctl_limit":""},"categories":[1296],"tags":[],"publishpress_future_action":{"enabled":false,"date":"2026-05-03 09:36:23","action":"change-status","newStatus":"draft","terms":[],"taxonomy":"category"},"publishpress_future_workflow_manual_trigger":{"enabledWorkflows":[]},"_links":{"self":[{"href":"https:\/\/sap.sc.gov.br\/en\/wp-json\/wp\/v2\/posts\/13377"}],"collection":[{"href":"https:\/\/sap.sc.gov.br\/en\/wp-json\/wp\/v2\/posts"}],"about":[{"href":"https:\/\/sap.sc.gov.br\/en\/wp-json\/wp\/v2\/types\/post"}],"author":[{"embeddable":true,"href":"https:\/\/sap.sc.gov.br\/en\/wp-json\/wp\/v2\/users\/6"}],"replies":[{"embeddable":true,"href":"https:\/\/sap.sc.gov.br\/en\/wp-json\/wp\/v2\/comments?post=13377"}],"version-history":[{"count":0,"href":"https:\/\/sap.sc.gov.br\/en\/wp-json\/wp\/v2\/posts\/13377\/revisions"}],"wp:featuredmedia":[{"embeddable":true,"href":"https:\/\/sap.sc.gov.br\/en\/wp-json\/wp\/v2\/media\/13746"}],"wp:attachment":[{"href":"https:\/\/sap.sc.gov.br\/en\/wp-json\/wp\/v2\/media?parent=13377"}],"wp:term":[{"taxonomy":"category","embeddable":true,"href":"https:\/\/sap.sc.gov.br\/en\/wp-json\/wp\/v2\/categories?post=13377"},{"taxonomy":"post_tag","embeddable":true,"href":"https:\/\/sap.sc.gov.br\/en\/wp-json\/wp\/v2\/tags?post=13377"}],"curies":[{"name":"wp","href":"https:\/\/api.w.org\/{rel}","templated":true}]}}