{"id":13380,"date":"2013-10-15T17:23:58","date_gmt":"2013-10-15T20:23:58","guid":{"rendered":"http:\/\/webdease2023.intranet.ciasc.gov.br\/2013\/10\/15\/curso-de-defesa-pessoal-para-agentes-penitenciarios-regional-oeste\/"},"modified":"2023-07-13T17:51:11","modified_gmt":"2023-07-13T20:51:11","slug":"curso-de-defesa-pessoal-para-agentes-penitenciarios-regional-oeste","status":"publish","type":"post","link":"https:\/\/sap.sc.gov.br\/en\/curso-de-defesa-pessoal-para-agentes-penitenciarios-regional-oeste\/","title":{"rendered":"Curso de Defesa Pessoal para Agentes Penitenci\u00e1rios \u2013 Regional Oeste"},"content":{"rendered":"<p style=\"text-align: justify;\">A Academia de Justi\u00e7a e Cidadania informa que est\u00e3o abertas no site da ACADEJUC, as inscri\u00e7\u00f5es para o Curso de Defesa Pessoal para Agentes Penitenci\u00e1rios \u2013 Regional Oeste, a ser realizado na cidade de Chapec\u00f3, nos dias 21, 22, 23 e 24 de outubro de 2013. Entre em nosso site: www.sjc.sc.gov.br\/acadejuc<\/p>","protected":false},"excerpt":{"rendered":"<p>A Academia de Justi\u00e7a e Cidadania informa que est\u00e3o abertas no site da ACADEJUC, as inscri\u00e7\u00f5es para o Curso de Defesa Pessoal para Agentes Penitenci\u00e1rios \u2013 Regional Oeste, a ser realizado na cidade de Chapec\u00f3, nos dias 21, 22, 23 e 24 de outubro de 2013. Entre em nosso site: www.sjc.sc.gov.br\/acadejuc<\/p>","protected":false},"author":6,"featured_media":13738,"comment_status":"open","ping_status":"open","sticky":false,"template":"","format":"standard","meta":{"_monsterinsights_skip_tracking":false,"_monsterinsights_sitenote_active":false,"_monsterinsights_sitenote_note":"","_monsterinsights_sitenote_category":0,"footnotes":"","_wp_rev_ctl_limit":""},"categories":[1296],"tags":[],"publishpress_future_action":{"enabled":false,"date":"2026-05-03 09:35:39","action":"change-status","newStatus":"draft","terms":[],"taxonomy":"category"},"publishpress_future_workflow_manual_trigger":{"enabledWorkflows":[]},"_links":{"self":[{"href":"https:\/\/sap.sc.gov.br\/en\/wp-json\/wp\/v2\/posts\/13380"}],"collection":[{"href":"https:\/\/sap.sc.gov.br\/en\/wp-json\/wp\/v2\/posts"}],"about":[{"href":"https:\/\/sap.sc.gov.br\/en\/wp-json\/wp\/v2\/types\/post"}],"author":[{"embeddable":true,"href":"https:\/\/sap.sc.gov.br\/en\/wp-json\/wp\/v2\/users\/6"}],"replies":[{"embeddable":true,"href":"https:\/\/sap.sc.gov.br\/en\/wp-json\/wp\/v2\/comments?post=13380"}],"version-history":[{"count":0,"href":"https:\/\/sap.sc.gov.br\/en\/wp-json\/wp\/v2\/posts\/13380\/revisions"}],"wp:featuredmedia":[{"embeddable":true,"href":"https:\/\/sap.sc.gov.br\/en\/wp-json\/wp\/v2\/media\/13738"}],"wp:attachment":[{"href":"https:\/\/sap.sc.gov.br\/en\/wp-json\/wp\/v2\/media?parent=13380"}],"wp:term":[{"taxonomy":"category","embeddable":true,"href":"https:\/\/sap.sc.gov.br\/en\/wp-json\/wp\/v2\/categories?post=13380"},{"taxonomy":"post_tag","embeddable":true,"href":"https:\/\/sap.sc.gov.br\/en\/wp-json\/wp\/v2\/tags?post=13380"}],"curies":[{"name":"wp","href":"https:\/\/api.w.org\/{rel}","templated":true}]}}