{"id":13381,"date":"2013-10-15T17:27:11","date_gmt":"2013-10-15T20:27:11","guid":{"rendered":"http:\/\/webdease2023.intranet.ciasc.gov.br\/2013\/10\/15\/complexo-penitenciario-do-estado-realiza-sorteio-de-dia-das-criancas\/"},"modified":"2023-07-13T17:51:11","modified_gmt":"2023-07-13T20:51:11","slug":"complexo-penitenciario-do-estado-realiza-sorteio-de-dia-das-criancas","status":"publish","type":"post","link":"https:\/\/sap.sc.gov.br\/en\/complexo-penitenciario-do-estado-realiza-sorteio-de-dia-das-criancas\/","title":{"rendered":"Complexo Penitenci\u00e1rio do Estado realiza sorteio de dia das crian\u00e7as"},"content":{"rendered":"<p style=\"text-align: justify;\">Durante o \u00faltimo dia da crian\u00e7a a Dire\u00e7\u00e3o do Complexo Penitenci\u00e1rio do Estado realizou para os filhos dos reeducandos da unidade prisional. Foram contempladas cinco crian\u00e7as com duas casinhas de boneca e tr\u00eas caminh\u00f5es de brinquedo. Todo o material sorteado foi produzido dentro da pr\u00f3pria unidade pelos reeducandos que trabalham com marcenaria. O Diretor do Complexo lembra que a iniciativa faz parte de uma politica de ressocializa\u00e7\u00e3o, devolvendo ao apenado o direito de comemorar datas festivas da sociedade. O sorteio foi acompanhado por membros da Corregedoria-Geral da Justi\u00e7a.<\/p>","protected":false},"excerpt":{"rendered":"<p>Durante o \u00faltimo dia da crian\u00e7a a Dire\u00e7\u00e3o do Complexo Penitenci\u00e1rio do Estado realizou para os filhos dos reeducandos da unidade prisional. Foram contempladas cinco crian\u00e7as com duas casinhas de boneca e tr\u00eas caminh\u00f5es de brinquedo. Todo o material sorteado foi produzido dentro da pr\u00f3pria unidade pelos reeducandos que trabalham com marcenaria. O Diretor do [&hellip;]<\/p>\n","protected":false},"author":6,"featured_media":13753,"comment_status":"open","ping_status":"open","sticky":false,"template":"","format":"standard","meta":{"_monsterinsights_skip_tracking":false,"_monsterinsights_sitenote_active":false,"_monsterinsights_sitenote_note":"","_monsterinsights_sitenote_category":0,"footnotes":"","_wp_rev_ctl_limit":""},"categories":[1296],"tags":[],"publishpress_future_action":{"enabled":false,"date":"2026-05-03 09:36:12","action":"change-status","newStatus":"draft","terms":[],"taxonomy":"category"},"publishpress_future_workflow_manual_trigger":{"enabledWorkflows":[]},"_links":{"self":[{"href":"https:\/\/sap.sc.gov.br\/en\/wp-json\/wp\/v2\/posts\/13381"}],"collection":[{"href":"https:\/\/sap.sc.gov.br\/en\/wp-json\/wp\/v2\/posts"}],"about":[{"href":"https:\/\/sap.sc.gov.br\/en\/wp-json\/wp\/v2\/types\/post"}],"author":[{"embeddable":true,"href":"https:\/\/sap.sc.gov.br\/en\/wp-json\/wp\/v2\/users\/6"}],"replies":[{"embeddable":true,"href":"https:\/\/sap.sc.gov.br\/en\/wp-json\/wp\/v2\/comments?post=13381"}],"version-history":[{"count":0,"href":"https:\/\/sap.sc.gov.br\/en\/wp-json\/wp\/v2\/posts\/13381\/revisions"}],"wp:featuredmedia":[{"embeddable":true,"href":"https:\/\/sap.sc.gov.br\/en\/wp-json\/wp\/v2\/media\/13753"}],"wp:attachment":[{"href":"https:\/\/sap.sc.gov.br\/en\/wp-json\/wp\/v2\/media?parent=13381"}],"wp:term":[{"taxonomy":"category","embeddable":true,"href":"https:\/\/sap.sc.gov.br\/en\/wp-json\/wp\/v2\/categories?post=13381"},{"taxonomy":"post_tag","embeddable":true,"href":"https:\/\/sap.sc.gov.br\/en\/wp-json\/wp\/v2\/tags?post=13381"}],"curies":[{"name":"wp","href":"https:\/\/api.w.org\/{rel}","templated":true}]}}