{"id":13382,"date":"2013-09-30T17:32:59","date_gmt":"2013-09-30T20:32:59","guid":{"rendered":"http:\/\/webdease2023.intranet.ciasc.gov.br\/2013\/09\/30\/nota-de-esclarecimento-nova-central-de-presos-da-grande-florianopolis\/"},"modified":"2023-07-13T17:51:11","modified_gmt":"2023-07-13T20:51:11","slug":"nota-de-esclarecimento-nova-central-de-presos-da-grande-florianopolis","status":"publish","type":"post","link":"https:\/\/sap.sc.gov.br\/en\/nota-de-esclarecimento-nova-central-de-presos-da-grande-florianopolis\/","title":{"rendered":"Nota de Esclarecimento &#8211; Nova Central de Presos da Grande Florian\u00f3polis"},"content":{"rendered":"<p style=\"text-align: justify;\">Em fun\u00e7\u00e3o da nota publicada nesta segunda-feira, dia 30, na coluna do Visor com t\u00edtulo \u201ccadei\u00e3o em Barreiros\u201d cabe os seguintes esclarecimentos: 1- A Secretaria de Estado da Justi\u00e7a e Cidadania, por meio do Departamento de Administra\u00e7\u00e3o Prisional (Deap) em parceria com a Secretaria de Estado da Administra\u00e7\u00e3o est\u00e3o finalizando processo de escolha de terreno para a referida obra, sem que se tenha at\u00e9 o momento uma decis\u00e3o sobre o local; 2- A Central de Triagem de Presos da Capital (CTPC) opera no limite m\u00e1ximo poss\u00edvel, tendo recebido neste ano 1.759 (mil setecentos e cinq\u00fcenta e nove) presos somente da regi\u00e3o da Grande Florian\u00f3polis, sendo hoje a maior porta de entrada de presos do Sistema Prisional de Santa Catarina; 3- A nova CTPC ser\u00e1 ativada somente com a desativa\u00e7\u00e3o do atual erg\u00e1stulo, portando, afirmamos com veem\u00eancia que o \u201ccadei\u00e3o do Estreito\u201d ser\u00e1 desativado.<\/p>","protected":false},"excerpt":{"rendered":"<p>Em fun\u00e7\u00e3o da nota publicada nesta segunda-feira, dia 30, na coluna do Visor com t\u00edtulo \u201ccadei\u00e3o em Barreiros\u201d cabe os seguintes esclarecimentos: 1- A Secretaria de Estado da Justi\u00e7a e Cidadania, por meio do Departamento de Administra\u00e7\u00e3o Prisional (Deap) em parceria com a Secretaria de Estado da Administra\u00e7\u00e3o est\u00e3o finalizando processo de escolha de terreno [&hellip;]<\/p>\n","protected":false},"author":6,"featured_media":13755,"comment_status":"open","ping_status":"open","sticky":false,"template":"","format":"standard","meta":{"_monsterinsights_skip_tracking":false,"_monsterinsights_sitenote_active":false,"_monsterinsights_sitenote_note":"","_monsterinsights_sitenote_category":0,"footnotes":"","_wp_rev_ctl_limit":""},"categories":[1296],"tags":[],"publishpress_future_action":{"enabled":false,"date":"2026-05-03 09:36:23","action":"change-status","newStatus":"draft","terms":[],"taxonomy":"category"},"publishpress_future_workflow_manual_trigger":{"enabledWorkflows":[]},"_links":{"self":[{"href":"https:\/\/sap.sc.gov.br\/en\/wp-json\/wp\/v2\/posts\/13382"}],"collection":[{"href":"https:\/\/sap.sc.gov.br\/en\/wp-json\/wp\/v2\/posts"}],"about":[{"href":"https:\/\/sap.sc.gov.br\/en\/wp-json\/wp\/v2\/types\/post"}],"author":[{"embeddable":true,"href":"https:\/\/sap.sc.gov.br\/en\/wp-json\/wp\/v2\/users\/6"}],"replies":[{"embeddable":true,"href":"https:\/\/sap.sc.gov.br\/en\/wp-json\/wp\/v2\/comments?post=13382"}],"version-history":[{"count":0,"href":"https:\/\/sap.sc.gov.br\/en\/wp-json\/wp\/v2\/posts\/13382\/revisions"}],"wp:featuredmedia":[{"embeddable":true,"href":"https:\/\/sap.sc.gov.br\/en\/wp-json\/wp\/v2\/media\/13755"}],"wp:attachment":[{"href":"https:\/\/sap.sc.gov.br\/en\/wp-json\/wp\/v2\/media?parent=13382"}],"wp:term":[{"taxonomy":"category","embeddable":true,"href":"https:\/\/sap.sc.gov.br\/en\/wp-json\/wp\/v2\/categories?post=13382"},{"taxonomy":"post_tag","embeddable":true,"href":"https:\/\/sap.sc.gov.br\/en\/wp-json\/wp\/v2\/tags?post=13382"}],"curies":[{"name":"wp","href":"https:\/\/api.w.org\/{rel}","templated":true}]}}