{"id":13383,"date":"2013-09-25T17:37:23","date_gmt":"2013-09-25T20:37:23","guid":{"rendered":"http:\/\/webdease2023.intranet.ciasc.gov.br\/2013\/09\/25\/sao-pedro-de-alcantara-tem-novo-convenio\/"},"modified":"2023-07-13T17:51:11","modified_gmt":"2023-07-13T20:51:11","slug":"sao-pedro-de-alcantara-tem-novo-convenio","status":"publish","type":"post","link":"https:\/\/sap.sc.gov.br\/en\/sao-pedro-de-alcantara-tem-novo-convenio\/","title":{"rendered":"S\u00e3o Pedro de Alc\u00e2ntara tem novo conv\u00eanio"},"content":{"rendered":"<p style=\"text-align: justify;\">O Complexo Penitenci\u00e1rio do Estado (Cope), em S\u00e3o Pedro de Alc\u00e2ntara, passou a contar nesta semana com mais uma empresa que fornecer\u00e1 vagas de trabalho na unidade. A empresa NautCar Carretas N\u00e1uticas, com sede em Bigua\u00e7u, ir\u00e1 empregar aproximadamente dez reeducandos do Complexo que ir\u00e3o produzir com exclusividade dois modelos de barcos como o da fotografia. Segundo Gilberto Junckes, Gerente de Produ\u00e7\u00e3o da NautCar, o projeto que \u00e9 americano e foi comprado pela empresa catarinense, ser\u00e1 desenvolvido com exclusividade em S\u00e3o Pedro de Alc\u00e2ntara. Gilberto lembra que a empresa j\u00e1 emprega um ex-reeducando em sua sede, que se destaca como um dos melhores colaboradores. A m\u00e3o de obra a ser utilizada na unidade instalada no Complexo \u00e9 especializada e capacita o detento para um nicho de mercado promissor no Estado, ap\u00f3s sua sa\u00edda do sistema prisional. Al\u00e9m dos barcos, ser\u00e3o produzidos na unidade prisional os chamados ber\u00e7os n\u00e1uticos, uma estrutura constru\u00edda em madeira para sustenta\u00e7\u00e3o e pequenas locomo\u00e7\u00f5es de embarca\u00e7\u00f5es n\u00e1uticas. O primeiro ber\u00e7o n\u00e1utico foi constru\u00eddo nesta semana, dando in\u00edcio \u00e0s atividades da empresa no Cope, na presen\u00e7a do Diretor do Complexo, Edemir Alexandre Camargo Neto, o Gerente de Atividades Laborais, Jo\u00e3o Batista Martins Saturnino e do Gerente de Produ\u00e7\u00e3o da NautCar, Gilberto Junckes.<\/p>","protected":false},"excerpt":{"rendered":"<p>O Complexo Penitenci\u00e1rio do Estado (Cope), em S\u00e3o Pedro de Alc\u00e2ntara, passou a contar nesta semana com mais uma empresa que fornecer\u00e1 vagas de trabalho na unidade. A empresa NautCar Carretas N\u00e1uticas, com sede em Bigua\u00e7u, ir\u00e1 empregar aproximadamente dez reeducandos do Complexo que ir\u00e3o produzir com exclusividade dois modelos de barcos como o da [&hellip;]<\/p>\n","protected":false},"author":6,"featured_media":13757,"comment_status":"open","ping_status":"open","sticky":false,"template":"","format":"standard","meta":{"_monsterinsights_skip_tracking":false,"_monsterinsights_sitenote_active":false,"_monsterinsights_sitenote_note":"","_monsterinsights_sitenote_category":0,"footnotes":"","_wp_rev_ctl_limit":""},"categories":[1296],"tags":[],"publishpress_future_action":{"enabled":false,"date":"2026-05-03 09:35:43","action":"change-status","newStatus":"draft","terms":[],"taxonomy":"category"},"publishpress_future_workflow_manual_trigger":{"enabledWorkflows":[]},"_links":{"self":[{"href":"https:\/\/sap.sc.gov.br\/en\/wp-json\/wp\/v2\/posts\/13383"}],"collection":[{"href":"https:\/\/sap.sc.gov.br\/en\/wp-json\/wp\/v2\/posts"}],"about":[{"href":"https:\/\/sap.sc.gov.br\/en\/wp-json\/wp\/v2\/types\/post"}],"author":[{"embeddable":true,"href":"https:\/\/sap.sc.gov.br\/en\/wp-json\/wp\/v2\/users\/6"}],"replies":[{"embeddable":true,"href":"https:\/\/sap.sc.gov.br\/en\/wp-json\/wp\/v2\/comments?post=13383"}],"version-history":[{"count":0,"href":"https:\/\/sap.sc.gov.br\/en\/wp-json\/wp\/v2\/posts\/13383\/revisions"}],"wp:featuredmedia":[{"embeddable":true,"href":"https:\/\/sap.sc.gov.br\/en\/wp-json\/wp\/v2\/media\/13757"}],"wp:attachment":[{"href":"https:\/\/sap.sc.gov.br\/en\/wp-json\/wp\/v2\/media?parent=13383"}],"wp:term":[{"taxonomy":"category","embeddable":true,"href":"https:\/\/sap.sc.gov.br\/en\/wp-json\/wp\/v2\/categories?post=13383"},{"taxonomy":"post_tag","embeddable":true,"href":"https:\/\/sap.sc.gov.br\/en\/wp-json\/wp\/v2\/tags?post=13383"}],"curies":[{"name":"wp","href":"https:\/\/api.w.org\/{rel}","templated":true}]}}