{"id":13384,"date":"2013-09-20T17:41:32","date_gmt":"2013-09-20T20:41:32","guid":{"rendered":"http:\/\/webdease2023.intranet.ciasc.gov.br\/2013\/09\/20\/aberto-o-concurso-para-agentes-penitenciarios-e-socioeducativos\/"},"modified":"2023-07-13T17:51:11","modified_gmt":"2023-07-13T20:51:11","slug":"aberto-o-concurso-para-agentes-penitenciarios-e-socioeducativos","status":"publish","type":"post","link":"https:\/\/sap.sc.gov.br\/en\/aberto-o-concurso-para-agentes-penitenciarios-e-socioeducativos\/","title":{"rendered":"Aberto o concurso para agentes penitenci\u00e1rios e socioeducativos"},"content":{"rendered":"<p style=\"text-align: justify;\">A Secretaria de Estado da Justi\u00e7a e Cidadania (SJC) publica nesta sexta-feira (20), no Di\u00e1rio Oficial do Estado, o edital do concurso para contrata\u00e7\u00e3o de 300 novos agentes penitenci\u00e1rios e 20 socioeducativos. As inscri\u00e7\u00f5es podem ser realizadas no per\u00edodo de 23 de setembro a 23 de outubro de 2013. \u201cO lan\u00e7amento do edital \u00e9 resultado de um grande esfor\u00e7o de todo o Governo para aumentar, no menor tempo poss\u00edvel, o quadro de agentes em todas as unidades prisionais e socioeducativas de Santa Catarina &#8220;, destaca a secret\u00e1ria de Estado da Justi\u00e7a e Cidadania, Ada Faraco De Luca. O concurso para agentes penitenci\u00e1rios e socioeducativos exige curso superior e ter\u00e1 cinco etapas: prova objetiva, capacidade f\u00edsica, teste psicol\u00f3gico, investiga\u00e7\u00e3o social e exame toxicol\u00f3gico. O cargo de agente penitenci\u00e1rio ou socioeducativo do Estado exige uma carga de 40 horas semanais, conforme Lei Estadual n.\u00ba 472\/09, que trata do plano de carreira da categoria. O \u00faltimo concurso para agentes penitenci\u00e1rios e socioeducativos em Santa Catarina foi realizado em 2006. Mais informa\u00e7\u00f5es podem ser obtidas no site da Fepese (Funda\u00e7\u00e3o de Estudos e Pesquisas Socioecon\u00f4micos) ou no telefone (48) 3953-1000.<\/p>","protected":false},"excerpt":{"rendered":"<p>A Secretaria de Estado da Justi\u00e7a e Cidadania (SJC) publica nesta sexta-feira (20), no Di\u00e1rio Oficial do Estado, o edital do concurso para contrata\u00e7\u00e3o de 300 novos agentes penitenci\u00e1rios e 20 socioeducativos. As inscri\u00e7\u00f5es podem ser realizadas no per\u00edodo de 23 de setembro a 23 de outubro de 2013. \u201cO lan\u00e7amento do edital \u00e9 resultado [&hellip;]<\/p>\n","protected":false},"author":6,"featured_media":13759,"comment_status":"open","ping_status":"open","sticky":false,"template":"","format":"standard","meta":{"_monsterinsights_skip_tracking":false,"_monsterinsights_sitenote_active":false,"_monsterinsights_sitenote_note":"","_monsterinsights_sitenote_category":0,"footnotes":"","_wp_rev_ctl_limit":""},"categories":[1296],"tags":[],"publishpress_future_action":{"enabled":false,"date":"2026-05-03 09:35:37","action":"change-status","newStatus":"draft","terms":[],"taxonomy":"category"},"publishpress_future_workflow_manual_trigger":{"enabledWorkflows":[]},"_links":{"self":[{"href":"https:\/\/sap.sc.gov.br\/en\/wp-json\/wp\/v2\/posts\/13384"}],"collection":[{"href":"https:\/\/sap.sc.gov.br\/en\/wp-json\/wp\/v2\/posts"}],"about":[{"href":"https:\/\/sap.sc.gov.br\/en\/wp-json\/wp\/v2\/types\/post"}],"author":[{"embeddable":true,"href":"https:\/\/sap.sc.gov.br\/en\/wp-json\/wp\/v2\/users\/6"}],"replies":[{"embeddable":true,"href":"https:\/\/sap.sc.gov.br\/en\/wp-json\/wp\/v2\/comments?post=13384"}],"version-history":[{"count":0,"href":"https:\/\/sap.sc.gov.br\/en\/wp-json\/wp\/v2\/posts\/13384\/revisions"}],"wp:featuredmedia":[{"embeddable":true,"href":"https:\/\/sap.sc.gov.br\/en\/wp-json\/wp\/v2\/media\/13759"}],"wp:attachment":[{"href":"https:\/\/sap.sc.gov.br\/en\/wp-json\/wp\/v2\/media?parent=13384"}],"wp:term":[{"taxonomy":"category","embeddable":true,"href":"https:\/\/sap.sc.gov.br\/en\/wp-json\/wp\/v2\/categories?post=13384"},{"taxonomy":"post_tag","embeddable":true,"href":"https:\/\/sap.sc.gov.br\/en\/wp-json\/wp\/v2\/tags?post=13384"}],"curies":[{"name":"wp","href":"https:\/\/api.w.org\/{rel}","templated":true}]}}