{"id":13385,"date":"2013-09-16T17:45:04","date_gmt":"2013-09-16T20:45:04","guid":{"rendered":"http:\/\/webdease2023.intranet.ciasc.gov.br\/2013\/09\/16\/presidio-de-cacador-recebe-sistema-de-video-monitoramento\/"},"modified":"2023-07-13T17:51:11","modified_gmt":"2023-07-13T20:51:11","slug":"presidio-de-cacador-recebe-sistema-de-video-monitoramento","status":"publish","type":"post","link":"https:\/\/sap.sc.gov.br\/en\/presidio-de-cacador-recebe-sistema-de-video-monitoramento\/","title":{"rendered":"Pres\u00eddio de Ca\u00e7ador recebe sistema de v\u00eddeo monitoramento"},"content":{"rendered":"<p style=\"text-align: justify;\">O Pres\u00eddio Regional de Ca\u00e7ador, atrav\u00e9s de uma parceria com o Poder Judici\u00e1rio, recebeu mais de 46 mil reais em equipamentos de monitoramento eletr\u00f4nico. O sistema contar\u00e1 com 60 c\u00e2meras instaladas em pontos estrat\u00e9gicos da unidade prisional, das quais 36 captam imagens em total escurid\u00e3o, atrav\u00e9s da tecnologia de ilumina\u00e7\u00e3o infravermelha. Os equipamentos possibilitar\u00e3o o monitoramento de praticamente toda a \u00e1rea do Pres\u00eddio, garantindo a seguran\u00e7a e facilitando o trabalho de vigil\u00e2ncia no local. Um m\u00eas antes, tamb\u00e9m com recursos do Judici\u00e1rio liberados pelo Juiz Corregedor do Pres\u00eddio de Ca\u00e7ador, Dr. Yannick Caubet, toda a unidade prisional passou por uma revitaliza\u00e7\u00e3o de sua estrutura, com a doa\u00e7\u00e3o de tintas para a pintura e mobili\u00e1rio para o setor de sa\u00fade. \u201cEsta \u00e9 uma excelente demonstra\u00e7\u00e3o de como a corregedoria dos pres\u00eddios pode auxiliar na constru\u00e7\u00e3o de um sistema prisional mais digno e humanizado, colaborando positivamente com suas a\u00e7\u00f5es\u201d, declarou Felipe Carlos Filipiacki, gerente do Pres\u00eddio. Felipe lembra que o Excelent\u00edssimo Juiz de Direito, Dr. Yannick, tem realizado um excelente trabalho \u00e0 frente da Corregedoria do Pres\u00eddio e tem facilitado o di\u00e1logo entre a administra\u00e7\u00e3o da unidade e o judici\u00e1rio. O sistema de v\u00eddeo monitoramento est\u00e1 sendo instalado e deve entrar em funcionamento ainda neste m\u00eas.<\/p>","protected":false},"excerpt":{"rendered":"<p>O Pres\u00eddio Regional de Ca\u00e7ador, atrav\u00e9s de uma parceria com o Poder Judici\u00e1rio, recebeu mais de 46 mil reais em equipamentos de monitoramento eletr\u00f4nico. O sistema contar\u00e1 com 60 c\u00e2meras instaladas em pontos estrat\u00e9gicos da unidade prisional, das quais 36 captam imagens em total escurid\u00e3o, atrav\u00e9s da tecnologia de ilumina\u00e7\u00e3o infravermelha. Os equipamentos possibilitar\u00e3o o [&hellip;]<\/p>\n","protected":false},"author":6,"featured_media":13761,"comment_status":"open","ping_status":"open","sticky":false,"template":"","format":"standard","meta":{"_monsterinsights_skip_tracking":false,"_monsterinsights_sitenote_active":false,"_monsterinsights_sitenote_note":"","_monsterinsights_sitenote_category":0,"footnotes":"","_wp_rev_ctl_limit":""},"categories":[1296],"tags":[],"publishpress_future_action":{"enabled":false,"date":"2026-05-03 09:35:38","action":"change-status","newStatus":"draft","terms":[],"taxonomy":"category"},"publishpress_future_workflow_manual_trigger":{"enabledWorkflows":[]},"_links":{"self":[{"href":"https:\/\/sap.sc.gov.br\/en\/wp-json\/wp\/v2\/posts\/13385"}],"collection":[{"href":"https:\/\/sap.sc.gov.br\/en\/wp-json\/wp\/v2\/posts"}],"about":[{"href":"https:\/\/sap.sc.gov.br\/en\/wp-json\/wp\/v2\/types\/post"}],"author":[{"embeddable":true,"href":"https:\/\/sap.sc.gov.br\/en\/wp-json\/wp\/v2\/users\/6"}],"replies":[{"embeddable":true,"href":"https:\/\/sap.sc.gov.br\/en\/wp-json\/wp\/v2\/comments?post=13385"}],"version-history":[{"count":0,"href":"https:\/\/sap.sc.gov.br\/en\/wp-json\/wp\/v2\/posts\/13385\/revisions"}],"wp:featuredmedia":[{"embeddable":true,"href":"https:\/\/sap.sc.gov.br\/en\/wp-json\/wp\/v2\/media\/13761"}],"wp:attachment":[{"href":"https:\/\/sap.sc.gov.br\/en\/wp-json\/wp\/v2\/media?parent=13385"}],"wp:term":[{"taxonomy":"category","embeddable":true,"href":"https:\/\/sap.sc.gov.br\/en\/wp-json\/wp\/v2\/categories?post=13385"},{"taxonomy":"post_tag","embeddable":true,"href":"https:\/\/sap.sc.gov.br\/en\/wp-json\/wp\/v2\/tags?post=13385"}],"curies":[{"name":"wp","href":"https:\/\/api.w.org\/{rel}","templated":true}]}}