{"id":13388,"date":"2013-09-02T17:58:41","date_gmt":"2013-09-02T20:58:41","guid":{"rendered":"http:\/\/webdease2023.intranet.ciasc.gov.br\/2013\/09\/02\/presidio-regional-de-mafra-opera-normalmente-apos-tumulto-generalizado-no-domingo\/"},"modified":"2023-07-13T17:51:12","modified_gmt":"2023-07-13T20:51:12","slug":"presidio-regional-de-mafra-opera-normalmente-apos-tumulto-generalizado-no-domingo","status":"publish","type":"post","link":"https:\/\/sap.sc.gov.br\/en\/presidio-regional-de-mafra-opera-normalmente-apos-tumulto-generalizado-no-domingo\/","title":{"rendered":"Pres\u00eddio Regional de Mafra opera normalmente ap\u00f3s tumulto generalizado no domingo"},"content":{"rendered":"<p style=\"text-align: justify;\">Um tumulto ocorrido na tarde de ontem, 01, no Pres\u00eddio Regional de Mafra, foi rapidamente controlado pelos agentes penitenci\u00e1rios da unidade e a Pol\u00edcia Militar da regi\u00e3o. O movimento, que foi originado por desentendimentos entre grupos de presos, acabou se generalizando e necessitou de interven\u00e7\u00e3o. Nenhuma ocorr\u00eancia grave foi registrada e um refor\u00e7o de agentes penitenci\u00e1rios da regi\u00e3o foi convocado hoje para garantir a seguran\u00e7a da unidade. Para garantir a normalidade e a segura operacionaliza\u00e7\u00e3o do erg\u00e1stulo, foram realizadas 64 transfer\u00eancias para unidades da regi\u00e3o. Todas as medidas legais e periciais j\u00e1 foram tomadas. O Departamento de Administra\u00e7\u00e3o Prisional presta seus agradecimentos a Pol\u00edcia Militar da regi\u00e3o e parabeniza aos agentes penitenci\u00e1rios envolvidos na retomada da normalidade da unidade, numa excelente demonstra\u00e7\u00e3o de profissionalismo e capacita\u00e7\u00e3o para o trabalho em situa\u00e7\u00f5es adversas.<\/p>","protected":false},"excerpt":{"rendered":"<p>Um tumulto ocorrido na tarde de ontem, 01, no Pres\u00eddio Regional de Mafra, foi rapidamente controlado pelos agentes penitenci\u00e1rios da unidade e a Pol\u00edcia Militar da regi\u00e3o. O movimento, que foi originado por desentendimentos entre grupos de presos, acabou se generalizando e necessitou de interven\u00e7\u00e3o. Nenhuma ocorr\u00eancia grave foi registrada e um refor\u00e7o de agentes [&hellip;]<\/p>\n","protected":false},"author":6,"featured_media":13755,"comment_status":"open","ping_status":"open","sticky":false,"template":"","format":"standard","meta":{"_monsterinsights_skip_tracking":false,"_monsterinsights_sitenote_active":false,"_monsterinsights_sitenote_note":"","_monsterinsights_sitenote_category":0,"footnotes":"","_wp_rev_ctl_limit":""},"categories":[1296],"tags":[],"publishpress_future_action":{"enabled":false,"date":"2026-05-03 09:36:09","action":"change-status","newStatus":"draft","terms":[],"taxonomy":"category"},"publishpress_future_workflow_manual_trigger":{"enabledWorkflows":[]},"_links":{"self":[{"href":"https:\/\/sap.sc.gov.br\/en\/wp-json\/wp\/v2\/posts\/13388"}],"collection":[{"href":"https:\/\/sap.sc.gov.br\/en\/wp-json\/wp\/v2\/posts"}],"about":[{"href":"https:\/\/sap.sc.gov.br\/en\/wp-json\/wp\/v2\/types\/post"}],"author":[{"embeddable":true,"href":"https:\/\/sap.sc.gov.br\/en\/wp-json\/wp\/v2\/users\/6"}],"replies":[{"embeddable":true,"href":"https:\/\/sap.sc.gov.br\/en\/wp-json\/wp\/v2\/comments?post=13388"}],"version-history":[{"count":0,"href":"https:\/\/sap.sc.gov.br\/en\/wp-json\/wp\/v2\/posts\/13388\/revisions"}],"wp:featuredmedia":[{"embeddable":true,"href":"https:\/\/sap.sc.gov.br\/en\/wp-json\/wp\/v2\/media\/13755"}],"wp:attachment":[{"href":"https:\/\/sap.sc.gov.br\/en\/wp-json\/wp\/v2\/media?parent=13388"}],"wp:term":[{"taxonomy":"category","embeddable":true,"href":"https:\/\/sap.sc.gov.br\/en\/wp-json\/wp\/v2\/categories?post=13388"},{"taxonomy":"post_tag","embeddable":true,"href":"https:\/\/sap.sc.gov.br\/en\/wp-json\/wp\/v2\/tags?post=13388"}],"curies":[{"name":"wp","href":"https:\/\/api.w.org\/{rel}","templated":true}]}}