{"id":13390,"date":"2013-08-22T18:07:18","date_gmt":"2013-08-22T21:07:18","guid":{"rendered":"http:\/\/webdease2023.intranet.ciasc.gov.br\/2013\/08\/22\/deap-aprova-prototipo-de-novas-viaturas\/"},"modified":"2023-07-13T17:51:12","modified_gmt":"2023-07-13T20:51:12","slug":"deap-aprova-prototipo-de-novas-viaturas","status":"publish","type":"post","link":"https:\/\/sap.sc.gov.br\/en\/deap-aprova-prototipo-de-novas-viaturas\/","title":{"rendered":"Deap aprova prot\u00f3tipo de novas viaturas"},"content":{"rendered":"<p style=\"text-align: justify;\">O Departamento de Administra\u00e7\u00e3o Prisional (Deap) aprovou nesta quinta-feira, 22, o prot\u00f3tipo dos 40 novos ve\u00edculos para transporte de detentos (carros-cela) que ser\u00e3o entregues no pr\u00f3ximo m\u00eas. A aprova\u00e7\u00e3o foi feita ap\u00f3s reuni\u00e3o realizada entre os engenheiros da empresa respons\u00e1vel pela adapta\u00e7\u00e3o dos ve\u00edculos, o Diretor do Deap, Leandro Ant\u00f4nio Soares Lima, o Gerente de Escolta e Vigil\u00e2ncia do Departamento, Marco Ant\u00f4nio Schlischting, o Diretor do Complexo Penitenci\u00e1rio do Vale do Itaja\u00ed, Juliano Stoberl e o Diretor da Penitenci\u00e1ria Sul de Crici\u00fama, Deiveison Querino Batista. Com a aprova\u00e7\u00e3o, a empresa tem o prazo de 30 dias para realizar as adapta\u00e7\u00f5es e adequa\u00e7\u00f5es solicitadas nos ve\u00edculos restantes e proceder a entrega oficial. Mais fotos na galeria de imagens.<\/p>","protected":false},"excerpt":{"rendered":"<p>O Departamento de Administra\u00e7\u00e3o Prisional (Deap) aprovou nesta quinta-feira, 22, o prot\u00f3tipo dos 40 novos ve\u00edculos para transporte de detentos (carros-cela) que ser\u00e3o entregues no pr\u00f3ximo m\u00eas. A aprova\u00e7\u00e3o foi feita ap\u00f3s reuni\u00e3o realizada entre os engenheiros da empresa respons\u00e1vel pela adapta\u00e7\u00e3o dos ve\u00edculos, o Diretor do Deap, Leandro Ant\u00f4nio Soares Lima, o Gerente de [&hellip;]<\/p>\n","protected":false},"author":6,"featured_media":13770,"comment_status":"open","ping_status":"open","sticky":false,"template":"","format":"standard","meta":{"_monsterinsights_skip_tracking":false,"_monsterinsights_sitenote_active":false,"_monsterinsights_sitenote_note":"","_monsterinsights_sitenote_category":0,"footnotes":"","_wp_rev_ctl_limit":""},"categories":[1296],"tags":[],"publishpress_future_action":{"enabled":false,"date":"2026-05-03 09:36:21","action":"change-status","newStatus":"draft","terms":[],"taxonomy":"category"},"publishpress_future_workflow_manual_trigger":{"enabledWorkflows":[]},"_links":{"self":[{"href":"https:\/\/sap.sc.gov.br\/en\/wp-json\/wp\/v2\/posts\/13390"}],"collection":[{"href":"https:\/\/sap.sc.gov.br\/en\/wp-json\/wp\/v2\/posts"}],"about":[{"href":"https:\/\/sap.sc.gov.br\/en\/wp-json\/wp\/v2\/types\/post"}],"author":[{"embeddable":true,"href":"https:\/\/sap.sc.gov.br\/en\/wp-json\/wp\/v2\/users\/6"}],"replies":[{"embeddable":true,"href":"https:\/\/sap.sc.gov.br\/en\/wp-json\/wp\/v2\/comments?post=13390"}],"version-history":[{"count":0,"href":"https:\/\/sap.sc.gov.br\/en\/wp-json\/wp\/v2\/posts\/13390\/revisions"}],"wp:featuredmedia":[{"embeddable":true,"href":"https:\/\/sap.sc.gov.br\/en\/wp-json\/wp\/v2\/media\/13770"}],"wp:attachment":[{"href":"https:\/\/sap.sc.gov.br\/en\/wp-json\/wp\/v2\/media?parent=13390"}],"wp:term":[{"taxonomy":"category","embeddable":true,"href":"https:\/\/sap.sc.gov.br\/en\/wp-json\/wp\/v2\/categories?post=13390"},{"taxonomy":"post_tag","embeddable":true,"href":"https:\/\/sap.sc.gov.br\/en\/wp-json\/wp\/v2\/tags?post=13390"}],"curies":[{"name":"wp","href":"https:\/\/api.w.org\/{rel}","templated":true}]}}