{"id":13392,"date":"2013-12-16T00:00:00","date_gmt":"2013-12-16T02:00:00","guid":{"rendered":"http:\/\/webdease2023.intranet.ciasc.gov.br\/2013\/12\/16\/programa-mulheres-mil-inicia-em-ararangua1\/"},"modified":"2023-07-13T17:51:06","modified_gmt":"2023-07-13T20:51:06","slug":"programa-mulheres-mil-inicia-em-ararangua1","status":"publish","type":"post","link":"https:\/\/sap.sc.gov.br\/en\/programa-mulheres-mil-inicia-em-ararangua1\/","title":{"rendered":"Programa Mulheres Mil inicia em Ararangu\u00e1"},"content":{"rendered":"<p style=\"text-align: justify;\">Na&nbsp;\u00faltima sexta-feira (08), servidores dos setores de Infraestrutura e Coordena\u00e7\u00e3o-geral de Extens\u00e3o do Instituto Federal Catarinense (IFC) &#8211; Campus Sombrio &#8211; estiveram no Pres\u00eddio Regional de Ararangu\u00e1. O motivo da visita foi a realiza\u00e7\u00e3o de reparos e pinturas nas paredes das salas de aula que ser\u00e3o destinadas a educa\u00e7\u00e3o das reeducandas que participar\u00e3o do Projeto Mulheres Mil. Este programa, viabilizado pelo Governo Federal e, neste caso, executado pelo IFC, Campus Sombrio, objetiva dar acesso a educa\u00e7\u00e3o profissional, emprego e renda a mulheres em vulnerabilidade social. A reestrutura\u00e7\u00e3o do local foi imprescind\u00edvel para que as aulas possam iniciar. A turma, que j\u00e1 conta com 20 mulheres matriculadas, receber\u00e1 curso profissionalizante de artesanato em Patchwork.<\/p>\n<p style=\"text-align: justify;\">&nbsp;<\/p>\n<p>&nbsp;<\/p>","protected":false},"excerpt":{"rendered":"<p>Na&nbsp;\u00faltima sexta-feira (08), servidores dos setores de Infraestrutura e Coordena\u00e7\u00e3o-geral de Extens\u00e3o do Instituto Federal Catarinense (IFC) &#8211; Campus Sombrio &#8211; estiveram no Pres\u00eddio Regional de Ararangu\u00e1. O motivo da visita foi a realiza\u00e7\u00e3o de reparos e pinturas nas paredes das salas de aula que ser\u00e3o destinadas a educa\u00e7\u00e3o das reeducandas que participar\u00e3o do Projeto [&hellip;]<\/p>\n","protected":false},"author":6,"featured_media":13724,"comment_status":"open","ping_status":"open","sticky":false,"template":"","format":"standard","meta":{"_monsterinsights_skip_tracking":false,"_monsterinsights_sitenote_active":false,"_monsterinsights_sitenote_note":"","_monsterinsights_sitenote_category":0,"footnotes":"","_wp_rev_ctl_limit":""},"categories":[1296],"tags":[],"publishpress_future_action":{"enabled":false,"date":"2026-05-03 11:08:03","action":"change-status","newStatus":"draft","terms":[],"taxonomy":"category"},"publishpress_future_workflow_manual_trigger":{"enabledWorkflows":[]},"_links":{"self":[{"href":"https:\/\/sap.sc.gov.br\/en\/wp-json\/wp\/v2\/posts\/13392"}],"collection":[{"href":"https:\/\/sap.sc.gov.br\/en\/wp-json\/wp\/v2\/posts"}],"about":[{"href":"https:\/\/sap.sc.gov.br\/en\/wp-json\/wp\/v2\/types\/post"}],"author":[{"embeddable":true,"href":"https:\/\/sap.sc.gov.br\/en\/wp-json\/wp\/v2\/users\/6"}],"replies":[{"embeddable":true,"href":"https:\/\/sap.sc.gov.br\/en\/wp-json\/wp\/v2\/comments?post=13392"}],"version-history":[{"count":0,"href":"https:\/\/sap.sc.gov.br\/en\/wp-json\/wp\/v2\/posts\/13392\/revisions"}],"wp:featuredmedia":[{"embeddable":true,"href":"https:\/\/sap.sc.gov.br\/en\/wp-json\/wp\/v2\/media\/13724"}],"wp:attachment":[{"href":"https:\/\/sap.sc.gov.br\/en\/wp-json\/wp\/v2\/media?parent=13392"}],"wp:term":[{"taxonomy":"category","embeddable":true,"href":"https:\/\/sap.sc.gov.br\/en\/wp-json\/wp\/v2\/categories?post=13392"},{"taxonomy":"post_tag","embeddable":true,"href":"https:\/\/sap.sc.gov.br\/en\/wp-json\/wp\/v2\/tags?post=13392"}],"curies":[{"name":"wp","href":"https:\/\/api.w.org\/{rel}","templated":true}]}}