{"id":13393,"date":"2013-12-10T00:00:00","date_gmt":"2013-12-10T02:00:00","guid":{"rendered":"http:\/\/webdease2023.intranet.ciasc.gov.br\/2013\/12\/10\/reeducandas-do-presidio-regional-de-itajai-trabalham-em-grande-evento\/"},"modified":"2023-07-13T17:51:07","modified_gmt":"2023-07-13T20:51:07","slug":"reeducandas-do-presidio-regional-de-itajai-trabalham-em-grande-evento","status":"publish","type":"post","link":"https:\/\/sap.sc.gov.br\/en\/reeducandas-do-presidio-regional-de-itajai-trabalham-em-grande-evento\/","title":{"rendered":"Reeducandas do Pres\u00eddio Regional de Itaja\u00ed trabalham em grande evento"},"content":{"rendered":"<p style=\"text-align: justify;\">Quatro reeducandas do Pres\u00eddio Regional de Itaja\u00ed trabalharam como recepcionistas de evento por quinze dias em uma tradicional regata transatl\u00e2ntica que teve a cidade de Itaja\u00ed como seu ponto de chegada. A Transat Jacques Vabre, que completa 20 anos em 2013, tem como ponto de partida a cidade de Le Havre, na Fran\u00e7a, uma cidade importadora de caf\u00e9 e com uma forte tradi\u00e7\u00e3o mar\u00edtima. A grande regata faz o trajeto tamb\u00e9m conhecido como \u201crota do caf\u00e9\u201d, tendo sempre como destino um pa\u00eds produtor. A competi\u00e7\u00e3o j\u00e1 passou por cidades como Cartagena, na Col\u00f4mbia, por Salvador, no Brasil e Puerto Lim\u00f3n, na Costa Rica. Nesta edi\u00e7\u00e3o, a cidade de Itaja\u00ed, em Santa Catarina, foi o ponto de chegada e tamb\u00e9m o mais longo percurso na hist\u00f3ria do evento: 10 mil quil\u00f4metros. As quatro reeducandas atuaram em atividades t\u00edpicas \u00e0 recep\u00e7\u00e3o de eventos, recebendo convidados e visitantes, prestando orienta\u00e7\u00f5es e informa\u00e7\u00f5es sobre a competi\u00e7\u00e3o. A participa\u00e7\u00e3o das detentas foi possibilitada atrav\u00e9s da Secretaria Municipal de Desenvolvimento e Assist\u00eancia Social de Itaja\u00ed, em acordo com a Vara de Execu\u00e7\u00f5es Penais da Comarca e o Pres\u00eddio. O trabalho, que teve in\u00edcio em 16 de novembro, encerrou-se no dia 01 de dezembro e rendeu elogios \u00e0s reeducandas pelo profissionalismo e capacidade com que desempenharam suas atividades. O Pres\u00eddio de Itaja\u00ed possui, ainda, aproximadamente 25 reeducandas em trabalho na unidade. Elas s\u00e3o remuneradas de acordo com a Lei de Execu\u00e7\u00f5es Penais, com um sal\u00e1rio m\u00ednimo, e atuam em diversas atividades, como confec\u00e7\u00e3o de roupas e redes esportivas. Na unidade s\u00e3o produzidas pe\u00e7as de moda praia que s\u00e3o importadas para pa\u00edses como o Panam\u00e1 e Costa Rica.<\/p>\n<p style=\"text-align: justify;\">&nbsp;<\/p>","protected":false},"excerpt":{"rendered":"<p>Quatro reeducandas do Pres\u00eddio Regional de Itaja\u00ed trabalharam como recepcionistas de evento por quinze dias em uma tradicional regata transatl\u00e2ntica que teve a cidade de Itaja\u00ed como seu ponto de chegada. A Transat Jacques Vabre, que completa 20 anos em 2013, tem como ponto de partida a cidade de Le Havre, na Fran\u00e7a, uma cidade [&hellip;]<\/p>\n","protected":false},"author":6,"featured_media":13726,"comment_status":"open","ping_status":"open","sticky":false,"template":"","format":"standard","meta":{"_monsterinsights_skip_tracking":false,"_monsterinsights_sitenote_active":false,"_monsterinsights_sitenote_note":"","_monsterinsights_sitenote_category":0,"footnotes":"","_wp_rev_ctl_limit":""},"categories":[1296],"tags":[],"publishpress_future_action":{"enabled":false,"date":"2026-05-03 11:08:23","action":"change-status","newStatus":"draft","terms":[],"taxonomy":"category"},"publishpress_future_workflow_manual_trigger":{"enabledWorkflows":[]},"_links":{"self":[{"href":"https:\/\/sap.sc.gov.br\/en\/wp-json\/wp\/v2\/posts\/13393"}],"collection":[{"href":"https:\/\/sap.sc.gov.br\/en\/wp-json\/wp\/v2\/posts"}],"about":[{"href":"https:\/\/sap.sc.gov.br\/en\/wp-json\/wp\/v2\/types\/post"}],"author":[{"embeddable":true,"href":"https:\/\/sap.sc.gov.br\/en\/wp-json\/wp\/v2\/users\/6"}],"replies":[{"embeddable":true,"href":"https:\/\/sap.sc.gov.br\/en\/wp-json\/wp\/v2\/comments?post=13393"}],"version-history":[{"count":0,"href":"https:\/\/sap.sc.gov.br\/en\/wp-json\/wp\/v2\/posts\/13393\/revisions"}],"wp:featuredmedia":[{"embeddable":true,"href":"https:\/\/sap.sc.gov.br\/en\/wp-json\/wp\/v2\/media\/13726"}],"wp:attachment":[{"href":"https:\/\/sap.sc.gov.br\/en\/wp-json\/wp\/v2\/media?parent=13393"}],"wp:term":[{"taxonomy":"category","embeddable":true,"href":"https:\/\/sap.sc.gov.br\/en\/wp-json\/wp\/v2\/categories?post=13393"},{"taxonomy":"post_tag","embeddable":true,"href":"https:\/\/sap.sc.gov.br\/en\/wp-json\/wp\/v2\/tags?post=13393"}],"curies":[{"name":"wp","href":"https:\/\/api.w.org\/{rel}","templated":true}]}}