{"id":13394,"date":"2013-12-03T15:31:53","date_gmt":"2013-12-03T17:31:53","guid":{"rendered":"http:\/\/webdease2023.intranet.ciasc.gov.br\/2013\/12\/03\/enem-bate-recorde-de-inscritos-no-sistema-prisional-catarinense\/"},"modified":"2023-07-13T17:51:07","modified_gmt":"2023-07-13T20:51:07","slug":"enem-bate-recorde-de-inscritos-no-sistema-prisional-catarinense","status":"publish","type":"post","link":"https:\/\/sap.sc.gov.br\/en\/enem-bate-recorde-de-inscritos-no-sistema-prisional-catarinense\/","title":{"rendered":"ENEM bate recorde de inscritos no sistema prisional catarinense"},"content":{"rendered":"<p style=\"text-align: justify;\">Iniciou nesta ter\u00e7a-feira, 3, e segue at\u00e9 amanh\u00e3 a aplica\u00e7\u00e3o do prova do Exame Nacional do Ensino M\u00e9dio para pessoas privadas de liberdade \u2013 ENEM PPL. O ENEM \u00e9 constitu\u00eddo por quatro provas objetivas que compreendem as varias \u00e1reas de conhecimento em que se organizam as atividades pedag\u00f3gicas da escolaridade b\u00e1sica do Brasil. A prova ser\u00e1 realizada para mais de mil presos inscritos em 31 unidades prisionais catarinenses cadastradas e pode garantir o acesso \u00e0 Educa\u00e7\u00e3o Superior atrav\u00e9s do Sistema de Sele\u00e7\u00e3o Unificado (SISu) , no Sistema Unificado da Educa\u00e7\u00e3o Profissional e Tecnol\u00f3gica (Sisutec), e ainda ao Programa Universidade para Todos (PROUni) concorrendo a uma bolsa de estudos numa institui\u00e7\u00e3o superior. &#8220;O acesso \u00e0 educa\u00e7\u00e3o al\u00e9m de proporcionar a eleva\u00e7\u00e3o da escolaridade \u00e9 o compromisso de mais uma a\u00e7\u00e3o humanizada da Secretaria de Estado da Justi\u00e7a e Cidadania&#8221;, lembra Juliana Campos, Gerente de Apoio Psiqui\u00e1trico do Departamento de Administra\u00e7\u00e3o Prisional e Coordenadora do ENEM PPL 2013 em Santa Catarina. O Estado de Santa Catarina vem batendo recordes no n\u00famero de inscri\u00e7\u00f5es a cada ano. Em 2011 foram 212 reeducandos inscritos, no ano passado 680, e neste ano o novo recorde foi batido com 1.039 inscri\u00e7\u00f5es.<\/p>\n<p style=\"text-align: justify;\">&nbsp;<\/p>","protected":false},"excerpt":{"rendered":"<p>Iniciou nesta ter\u00e7a-feira, 3, e segue at\u00e9 amanh\u00e3 a aplica\u00e7\u00e3o do prova do Exame Nacional do Ensino M\u00e9dio para pessoas privadas de liberdade \u2013 ENEM PPL. O ENEM \u00e9 constitu\u00eddo por quatro provas objetivas que compreendem as varias \u00e1reas de conhecimento em que se organizam as atividades pedag\u00f3gicas da escolaridade b\u00e1sica do Brasil. A prova [&hellip;]<\/p>\n","protected":false},"author":6,"featured_media":13728,"comment_status":"open","ping_status":"open","sticky":false,"template":"","format":"standard","meta":{"_monsterinsights_skip_tracking":false,"_monsterinsights_sitenote_active":false,"_monsterinsights_sitenote_note":"","_monsterinsights_sitenote_category":0,"footnotes":"","_wp_rev_ctl_limit":""},"categories":[1296],"tags":[],"publishpress_future_action":{"enabled":false,"date":"2026-05-03 11:08:04","action":"change-status","newStatus":"draft","terms":[],"taxonomy":"category"},"publishpress_future_workflow_manual_trigger":{"enabledWorkflows":[]},"_links":{"self":[{"href":"https:\/\/sap.sc.gov.br\/en\/wp-json\/wp\/v2\/posts\/13394"}],"collection":[{"href":"https:\/\/sap.sc.gov.br\/en\/wp-json\/wp\/v2\/posts"}],"about":[{"href":"https:\/\/sap.sc.gov.br\/en\/wp-json\/wp\/v2\/types\/post"}],"author":[{"embeddable":true,"href":"https:\/\/sap.sc.gov.br\/en\/wp-json\/wp\/v2\/users\/6"}],"replies":[{"embeddable":true,"href":"https:\/\/sap.sc.gov.br\/en\/wp-json\/wp\/v2\/comments?post=13394"}],"version-history":[{"count":0,"href":"https:\/\/sap.sc.gov.br\/en\/wp-json\/wp\/v2\/posts\/13394\/revisions"}],"wp:featuredmedia":[{"embeddable":true,"href":"https:\/\/sap.sc.gov.br\/en\/wp-json\/wp\/v2\/media\/13728"}],"wp:attachment":[{"href":"https:\/\/sap.sc.gov.br\/en\/wp-json\/wp\/v2\/media?parent=13394"}],"wp:term":[{"taxonomy":"category","embeddable":true,"href":"https:\/\/sap.sc.gov.br\/en\/wp-json\/wp\/v2\/categories?post=13394"},{"taxonomy":"post_tag","embeddable":true,"href":"https:\/\/sap.sc.gov.br\/en\/wp-json\/wp\/v2\/tags?post=13394"}],"curies":[{"name":"wp","href":"https:\/\/api.w.org\/{rel}","templated":true}]}}