{"id":13395,"date":"2013-11-29T17:50:00","date_gmt":"2013-11-29T19:50:00","guid":{"rendered":"http:\/\/webdease2023.intranet.ciasc.gov.br\/2013\/11\/29\/inaugurada-a-horta-comunitaria-de-barra-velha\/"},"modified":"2023-07-13T17:51:07","modified_gmt":"2023-07-13T20:51:07","slug":"inaugurada-a-horta-comunitaria-de-barra-velha","status":"publish","type":"post","link":"https:\/\/sap.sc.gov.br\/en\/inaugurada-a-horta-comunitaria-de-barra-velha\/","title":{"rendered":"Inaugurada a horta comunit\u00e1ria de Barra Velha"},"content":{"rendered":"<p style=\"text-align: justify;\">Na \u00faltima quinta-feira, 28, foi inaugurada a Horta Comunit\u00e1ria na Unidade Prisional Avan\u00e7ada de Barra Velha. A proposta, realizada em parceria com a Epagri e a Secretaria Municipal de Agricultura e Pesca de Barra Velha, \u00e9 valorizar o aspecto social e contribuir com a economia local e inser\u00e7\u00e3o dos detentos ao mercado de trabalho . O acordo \u00e9 de que a Prefeitura de Barra Velha forne\u00e7a subs\u00eddios para manter a horta, enquanto a UPA cede o terreno e a m\u00e3o de obra. A inaugura\u00e7\u00e3o contou com a presen\u00e7a do Diretor do Departamento de Administra\u00e7\u00e3o Prisional, Leandro Ant\u00f4nio Soares Lima, o Prefeito Municipal Claudemir Matias, o Governador Jo\u00e3o Raimundo Colombo e demais autoridades Locais.<\/p>","protected":false},"excerpt":{"rendered":"<p>Na \u00faltima quinta-feira, 28, foi inaugurada a Horta Comunit\u00e1ria na Unidade Prisional Avan\u00e7ada de Barra Velha. A proposta, realizada em parceria com a Epagri e a Secretaria Municipal de Agricultura e Pesca de Barra Velha, \u00e9 valorizar o aspecto social e contribuir com a economia local e inser\u00e7\u00e3o dos detentos ao mercado de trabalho . [&hellip;]<\/p>\n","protected":false},"author":6,"featured_media":13730,"comment_status":"open","ping_status":"open","sticky":false,"template":"","format":"standard","meta":{"_monsterinsights_skip_tracking":false,"_monsterinsights_sitenote_active":false,"_monsterinsights_sitenote_note":"","_monsterinsights_sitenote_category":0,"footnotes":"","_wp_rev_ctl_limit":""},"categories":[1296],"tags":[],"publishpress_future_action":{"enabled":false,"date":"2026-05-03 09:36:20","action":"change-status","newStatus":"draft","terms":[],"taxonomy":"category"},"publishpress_future_workflow_manual_trigger":{"enabledWorkflows":[]},"_links":{"self":[{"href":"https:\/\/sap.sc.gov.br\/en\/wp-json\/wp\/v2\/posts\/13395"}],"collection":[{"href":"https:\/\/sap.sc.gov.br\/en\/wp-json\/wp\/v2\/posts"}],"about":[{"href":"https:\/\/sap.sc.gov.br\/en\/wp-json\/wp\/v2\/types\/post"}],"author":[{"embeddable":true,"href":"https:\/\/sap.sc.gov.br\/en\/wp-json\/wp\/v2\/users\/6"}],"replies":[{"embeddable":true,"href":"https:\/\/sap.sc.gov.br\/en\/wp-json\/wp\/v2\/comments?post=13395"}],"version-history":[{"count":0,"href":"https:\/\/sap.sc.gov.br\/en\/wp-json\/wp\/v2\/posts\/13395\/revisions"}],"wp:featuredmedia":[{"embeddable":true,"href":"https:\/\/sap.sc.gov.br\/en\/wp-json\/wp\/v2\/media\/13730"}],"wp:attachment":[{"href":"https:\/\/sap.sc.gov.br\/en\/wp-json\/wp\/v2\/media?parent=13395"}],"wp:term":[{"taxonomy":"category","embeddable":true,"href":"https:\/\/sap.sc.gov.br\/en\/wp-json\/wp\/v2\/categories?post=13395"},{"taxonomy":"post_tag","embeddable":true,"href":"https:\/\/sap.sc.gov.br\/en\/wp-json\/wp\/v2\/tags?post=13395"}],"curies":[{"name":"wp","href":"https:\/\/api.w.org\/{rel}","templated":true}]}}