{"id":13396,"date":"2013-11-26T16:09:07","date_gmt":"2013-11-26T18:09:07","guid":{"rendered":"http:\/\/webdease2023.intranet.ciasc.gov.br\/2013\/11\/26\/jaragua-do-sul-inaugura-nova-area-de-trabalho\/"},"modified":"2023-07-13T17:51:08","modified_gmt":"2023-07-13T20:51:08","slug":"jaragua-do-sul-inaugura-nova-area-de-trabalho","status":"publish","type":"post","link":"https:\/\/sap.sc.gov.br\/en\/jaragua-do-sul-inaugura-nova-area-de-trabalho\/","title":{"rendered":"Jaragu\u00e1 do Sul inaugura nova \u00e1rea de trabalho"},"content":{"rendered":"<p style=\"text-align: justify;\">Na \u00faltima quarta-feira, 20, o Pres\u00eddio Regional de Jaragu\u00e1 do Sul inaugurou mais uma \u00e1rea para atividades laborais dentro da unidade. Ao total s\u00e3o 300 m\u00b2 de \u00e1rea constru\u00edda que ir\u00e3o abrigar empresas da regi\u00e3o que ir\u00e3o atuar com polos produtivos dentro do sistema prisional. O custo total da obra foi de R$ 230 mil, com recursos do Conselho Comunit\u00e1rio de Jaragu\u00e1 do Sul, do Conselho Comunit\u00e1rio da Comarca de Guaramirim e da Vara Criminal da Comarca de Jaragu\u00e1 do sul. Com a nova \u00e1rea, aproximadamente 80 presos ter\u00e3o a oportunidade de trabalho na unidade prisional, sendo remunerados com um sal\u00e1rio m\u00ednimo e aprendendo um of\u00edcio, nos moldes do Programa Come\u00e7ar de Novo, do Conselho Nacional de Justi\u00e7a. Estiveram presentes na inaugura\u00e7\u00e3o o Diretor do Departamento de Administra\u00e7\u00e3o Prisional, Prefeito e Procurador Geral do Munic\u00edpio de Jaragu\u00e1 do Sul, o Presidente do Conselho Comunit\u00e1rio da Comarca e representantes do Judici\u00e1rio e do Minist\u00e9rio P\u00fablico.<\/p>","protected":false},"excerpt":{"rendered":"<p>Na \u00faltima quarta-feira, 20, o Pres\u00eddio Regional de Jaragu\u00e1 do Sul inaugurou mais uma \u00e1rea para atividades laborais dentro da unidade. Ao total s\u00e3o 300 m\u00b2 de \u00e1rea constru\u00edda que ir\u00e3o abrigar empresas da regi\u00e3o que ir\u00e3o atuar com polos produtivos dentro do sistema prisional. O custo total da obra foi de R$ 230 mil, [&hellip;]<\/p>\n","protected":false},"author":6,"featured_media":13732,"comment_status":"open","ping_status":"open","sticky":false,"template":"","format":"standard","meta":{"_monsterinsights_skip_tracking":false,"_monsterinsights_sitenote_active":false,"_monsterinsights_sitenote_note":"","_monsterinsights_sitenote_category":0,"footnotes":"","_wp_rev_ctl_limit":""},"categories":[1296],"tags":[],"publishpress_future_action":{"enabled":false,"date":"2026-05-03 09:35:41","action":"change-status","newStatus":"draft","terms":[],"taxonomy":"category"},"publishpress_future_workflow_manual_trigger":{"enabledWorkflows":[]},"_links":{"self":[{"href":"https:\/\/sap.sc.gov.br\/en\/wp-json\/wp\/v2\/posts\/13396"}],"collection":[{"href":"https:\/\/sap.sc.gov.br\/en\/wp-json\/wp\/v2\/posts"}],"about":[{"href":"https:\/\/sap.sc.gov.br\/en\/wp-json\/wp\/v2\/types\/post"}],"author":[{"embeddable":true,"href":"https:\/\/sap.sc.gov.br\/en\/wp-json\/wp\/v2\/users\/6"}],"replies":[{"embeddable":true,"href":"https:\/\/sap.sc.gov.br\/en\/wp-json\/wp\/v2\/comments?post=13396"}],"version-history":[{"count":0,"href":"https:\/\/sap.sc.gov.br\/en\/wp-json\/wp\/v2\/posts\/13396\/revisions"}],"wp:featuredmedia":[{"embeddable":true,"href":"https:\/\/sap.sc.gov.br\/en\/wp-json\/wp\/v2\/media\/13732"}],"wp:attachment":[{"href":"https:\/\/sap.sc.gov.br\/en\/wp-json\/wp\/v2\/media?parent=13396"}],"wp:term":[{"taxonomy":"category","embeddable":true,"href":"https:\/\/sap.sc.gov.br\/en\/wp-json\/wp\/v2\/categories?post=13396"},{"taxonomy":"post_tag","embeddable":true,"href":"https:\/\/sap.sc.gov.br\/en\/wp-json\/wp\/v2\/tags?post=13396"}],"curies":[{"name":"wp","href":"https:\/\/api.w.org\/{rel}","templated":true}]}}