{"id":13398,"date":"2013-11-13T18:20:00","date_gmt":"2013-11-13T20:20:00","guid":{"rendered":"http:\/\/webdease2023.intranet.ciasc.gov.br\/2013\/11\/13\/parceria-entre-intelbras-e-cope-e-apresentada-a-autoridades\/"},"modified":"2023-07-13T17:51:08","modified_gmt":"2023-07-13T20:51:08","slug":"parceria-entre-intelbras-e-cope-e-apresentada-a-autoridades","status":"publish","type":"post","link":"https:\/\/sap.sc.gov.br\/en\/parceria-entre-intelbras-e-cope-e-apresentada-a-autoridades\/","title":{"rendered":"Parceria entre Intelbras e COPE \u00e9 apresentada \u00e0 autoridades"},"content":{"rendered":"<p style=\"text-align: justify;\">Nesta ter\u00e7a-feira, 12, Nivaldo Coelho, Diretor Industrial da Intelbras S.A., apresentou a empresa para autoridades e membros do sistema prisional catarinense. Atuando no sistema prisional h\u00e1 quatro anos, a empresa atualmente emprega 189 reeducandos no Complexo Penitenci\u00e1rio do Estado, em S\u00e3o Pedro de Alc\u00e2ntara. L\u00e1 s\u00e3o produzidos aproximadamente 140 mil aparelhos telef\u00f4nicos por m\u00eas, e os presos s\u00e3o treinados para trabalhar desde a montagem de placas eletr\u00f4nicas \u00e0 embalagem dos aparelhos. A meta da empresa, segundo Nivaldo, \u00e9 ampliar as atividades em S\u00e3o Pedro de Alc\u00e2ntara e oferecer oportunidade a outros presos. A reuni\u00e3o foi organizada pelo Diretor da Penitenci\u00e1ria, Edemir Alexandre Camargo Neto e pelo Gerente de Atividades Laborais, Jo\u00e3o Batista Martins Saturnino, e teve o objetivo de apresentar as atividades da empresa \u00e0s autoridades e membros do Judici\u00e1rio e Minist\u00e9rio P\u00fablico, oferecendo transpar\u00eancia e esclarecendo d\u00favidas acerca da atua\u00e7\u00e3o da empresa no Complexo. Al\u00e9m de Nivaldo, Edemir e Jo\u00e3o Batista, participaram da reuni\u00e3o o Promotor de Justi\u00e7a da Vara de Execu\u00e7\u00f5es Penais da Comarca de S\u00e3o Jos\u00e9, Dr. Jo\u00e3o Carlos Teixeira Joaquim, o Prefeito Municipal de S\u00e3o Pedro de Alc\u00e2ntara, Juc\u00e9lio Kremer e o Procurador Municipal de S\u00e3o Pedro de Alc\u00e2ntara, Dr. Jefferson M\u00e1rio Santana. Ap\u00f3s a reuni\u00e3o o Diretor Industrial apresentou a linha de produ\u00e7\u00e3o da empresa aos participantes. \u201c\u00c9 muito importante a atua\u00e7\u00e3o de empresas como a Intelbras na oferta de trabalho ao sistema prisional. N\u00e3o podemos esquecer que esses presos voltar\u00e3o um dia ao conv\u00edvio social\u201d lembrou o Promotor de Justi\u00e7a, Dr. Jo\u00e3o Carlos. O Diretor do Complexo Penitenci\u00e1rio, Edemir Alexandre, mencionou ainda que a unidade estar\u00e1 passando por adapta\u00e7\u00f5es nos pr\u00f3ximos meses e ganhar\u00e1 mais quatro oficinas de trabalho.<\/p>","protected":false},"excerpt":{"rendered":"<p>Nesta ter\u00e7a-feira, 12, Nivaldo Coelho, Diretor Industrial da Intelbras S.A., apresentou a empresa para autoridades e membros do sistema prisional catarinense. Atuando no sistema prisional h\u00e1 quatro anos, a empresa atualmente emprega 189 reeducandos no Complexo Penitenci\u00e1rio do Estado, em S\u00e3o Pedro de Alc\u00e2ntara. L\u00e1 s\u00e3o produzidos aproximadamente 140 mil aparelhos telef\u00f4nicos por m\u00eas, e [&hellip;]<\/p>\n","protected":false},"author":6,"featured_media":13736,"comment_status":"open","ping_status":"open","sticky":false,"template":"","format":"standard","meta":{"_monsterinsights_skip_tracking":false,"_monsterinsights_sitenote_active":false,"_monsterinsights_sitenote_note":"","_monsterinsights_sitenote_category":0,"footnotes":"","_wp_rev_ctl_limit":""},"categories":[1296],"tags":[],"publishpress_future_action":{"enabled":false,"date":"2026-05-03 09:36:23","action":"change-status","newStatus":"draft","terms":[],"taxonomy":"category"},"publishpress_future_workflow_manual_trigger":{"enabledWorkflows":[]},"_links":{"self":[{"href":"https:\/\/sap.sc.gov.br\/en\/wp-json\/wp\/v2\/posts\/13398"}],"collection":[{"href":"https:\/\/sap.sc.gov.br\/en\/wp-json\/wp\/v2\/posts"}],"about":[{"href":"https:\/\/sap.sc.gov.br\/en\/wp-json\/wp\/v2\/types\/post"}],"author":[{"embeddable":true,"href":"https:\/\/sap.sc.gov.br\/en\/wp-json\/wp\/v2\/users\/6"}],"replies":[{"embeddable":true,"href":"https:\/\/sap.sc.gov.br\/en\/wp-json\/wp\/v2\/comments?post=13398"}],"version-history":[{"count":0,"href":"https:\/\/sap.sc.gov.br\/en\/wp-json\/wp\/v2\/posts\/13398\/revisions"}],"wp:featuredmedia":[{"embeddable":true,"href":"https:\/\/sap.sc.gov.br\/en\/wp-json\/wp\/v2\/media\/13736"}],"wp:attachment":[{"href":"https:\/\/sap.sc.gov.br\/en\/wp-json\/wp\/v2\/media?parent=13398"}],"wp:term":[{"taxonomy":"category","embeddable":true,"href":"https:\/\/sap.sc.gov.br\/en\/wp-json\/wp\/v2\/categories?post=13398"},{"taxonomy":"post_tag","embeddable":true,"href":"https:\/\/sap.sc.gov.br\/en\/wp-json\/wp\/v2\/tags?post=13398"}],"curies":[{"name":"wp","href":"https:\/\/api.w.org\/{rel}","templated":true}]}}