{"id":13404,"date":"2014-05-20T19:06:20","date_gmt":"2014-05-20T22:06:20","guid":{"rendered":"http:\/\/webdease2023.intranet.ciasc.gov.br\/2014\/05\/20\/chapeco-reeducandas-recebem-atendimento-de-saude-especializado\/"},"modified":"2023-07-13T17:52:44","modified_gmt":"2023-07-13T20:52:44","slug":"chapeco-reeducandas-recebem-atendimento-de-saude-especializado","status":"publish","type":"post","link":"https:\/\/sap.sc.gov.br\/en\/chapeco-reeducandas-recebem-atendimento-de-saude-especializado\/","title":{"rendered":"Chapec\u00f3: Reeducandas recebem atendimento de sa\u00fade especializado"},"content":{"rendered":"<p style=\"text-align: justify; text-indent: 36pt; line-height: 150%;\"><span style=\"font-size: 12pt; line-height: 150%; font-family: Arial, sans-serif;\">As reeducandas do Pres\u00eddio Regional de Chapec\u00f3 participaram, no \u00faltimo dia 17, do projeto \u201cDia D de Sa\u00fade da Mulher em Priva\u00e7\u00e3o de Liberdade\u201d. Resultado de uma parceria entre o Curso de Enfermagem da Universidade Comunit\u00e1ria da Regi\u00e3o de Chapec\u00f3 (Unochapec\u00f3), o Pres\u00eddio Regional de Chapeco e a Secretaria Municipal de Sa\u00fade de Chapec\u00f3, a iniciativa faz parte de um Trabalho de Conclus\u00e3o de Curso dos formandos de Enfermagem, intitulado \u201cImplementa\u00e7\u00e3o do Autocuidado \u00e0s Mulheres em Priva\u00e7\u00e3o de Liberdade\u201d.<\/span><\/p>\n<p style=\"text-align: justify; text-indent: 36pt; line-height: 150%;\"><span style=\"font-size: 12pt; line-height: 150%; font-family: Arial, sans-serif;\">N\u00f3 \u00faltimo s\u00e1bado (17) as 78 mulheres recolhidas na unidade prisional foram encaminhadas, em grupos de dez, ao Centro de Sa\u00fade da Familia do Bairro Efapi, onde receberam atendimentos como: cadastro nacional no Sistema \u00danico de Sa\u00fade e cart\u00e3o municipal de sa\u00fade, coleta do exame preventivo de colo uterino, encaminhamentos de mamografias \u00e0s mulheres com mais de 40 anos de idade e orienta\u00e7\u00f5es gerais acerca de sa\u00fade da mulher. Al\u00e9m disso, foram realizados atendimentos m\u00e9dicos e odontol\u00f3gicos de acordo com a necessidade individual de cada reeducanda e atualiza\u00e7\u00e3o do calend\u00e1rio vacinal.<\/span><\/p>\n<p style=\"text-align: justify; text-indent: 36pt; line-height: 150%;\"><span style=\"font-family: Arial, sans-serif; font-size: 12pt; line-height: 150%; text-indent: 36pt;\">\u201c<em>\u00c9 importante a realiza\u00e7\u00e3o de parcerias entre as mais diversas institui\u00e7\u00f5es, para que possamos alcan\u00e7ar \u00eaxito no processo de ressocializa\u00e7\u00e3o e mostrar \u00e0 comunidade a realidade do sistema prisional catarinense<\/em>\u201d, ressaltou o Chefe de Seguran\u00e7a do Pres\u00eddio Regional de Chapec\u00f3, Guimorvan Boita, que tamb\u00e9m coordenou a implementa\u00e7\u00e3o do Projeto no local. \u201c<em>A administra\u00e7\u00e3o do Pres\u00eddio estar\u00e1 sempre aberta ao di\u00e1logo com institui\u00e7\u00f5es parceiras que queiram implementar bons projetos e colaborar com a ressocializa\u00e7\u00e3o e a manuten\u00e7\u00e3o da dignidade humana em nossa unidade<\/em>\u201d, completou o Gestor do Pres\u00eddio, M\u00e1rcio Adriano Fran\u00e7ozi, destacando a import\u00e2ncia do Projeto.<\/span><\/p>\n<p style=\"text-align: justify; text-indent: 36pt; line-height: 150%;\"><span style=\"font-size: 12pt; line-height: 150%; font-family: Arial, sans-serif;\">&nbsp;Vale ressaltar que o Complexo Penitenci\u00e1rio de Chapec\u00f3 possui um setor de sa\u00fade com atendimento m\u00e9dico e odontol\u00f3gico para casos emergenciais e atendimentos preventivos aos detentos. Nos casos mais graves e que necessitem de maior estrutura para atendimento, os presos s\u00e3o encaminhados para a rede p\u00fablica de sa\u00fade com escolta da unidade.<\/span><\/p>\n<p style=\"text-align: justify; text-indent: 36pt; line-height: 150%;\"><span style=\"font-size: 12pt; line-height: 150%; font-family: Arial, sans-serif;\">&nbsp;<\/span><\/p>","protected":false},"excerpt":{"rendered":"<p>As reeducandas do Pres\u00eddio Regional de Chapec\u00f3 participaram, no \u00faltimo dia 17, do projeto \u201cDia D de Sa\u00fade da Mulher em Priva\u00e7\u00e3o de Liberdade\u201d. Resultado de uma parceria entre o Curso de Enfermagem da Universidade Comunit\u00e1ria da Regi\u00e3o de Chapec\u00f3 (Unochapec\u00f3), o Pres\u00eddio Regional de Chapeco e a Secretaria Municipal de Sa\u00fade de Chapec\u00f3, a [&hellip;]<\/p>\n","protected":false},"author":6,"featured_media":14425,"comment_status":"open","ping_status":"open","sticky":false,"template":"","format":"standard","meta":{"_monsterinsights_skip_tracking":false,"_monsterinsights_sitenote_active":false,"_monsterinsights_sitenote_note":"","_monsterinsights_sitenote_category":0,"footnotes":"","_wp_rev_ctl_limit":""},"categories":[1296],"tags":[],"publishpress_future_action":{"enabled":false,"date":"2026-05-03 11:07:15","action":"change-status","newStatus":"draft","terms":[],"taxonomy":"category"},"publishpress_future_workflow_manual_trigger":{"enabledWorkflows":[]},"_links":{"self":[{"href":"https:\/\/sap.sc.gov.br\/en\/wp-json\/wp\/v2\/posts\/13404"}],"collection":[{"href":"https:\/\/sap.sc.gov.br\/en\/wp-json\/wp\/v2\/posts"}],"about":[{"href":"https:\/\/sap.sc.gov.br\/en\/wp-json\/wp\/v2\/types\/post"}],"author":[{"embeddable":true,"href":"https:\/\/sap.sc.gov.br\/en\/wp-json\/wp\/v2\/users\/6"}],"replies":[{"embeddable":true,"href":"https:\/\/sap.sc.gov.br\/en\/wp-json\/wp\/v2\/comments?post=13404"}],"version-history":[{"count":0,"href":"https:\/\/sap.sc.gov.br\/en\/wp-json\/wp\/v2\/posts\/13404\/revisions"}],"wp:featuredmedia":[{"embeddable":true,"href":"https:\/\/sap.sc.gov.br\/en\/wp-json\/wp\/v2\/media\/14425"}],"wp:attachment":[{"href":"https:\/\/sap.sc.gov.br\/en\/wp-json\/wp\/v2\/media?parent=13404"}],"wp:term":[{"taxonomy":"category","embeddable":true,"href":"https:\/\/sap.sc.gov.br\/en\/wp-json\/wp\/v2\/categories?post=13404"},{"taxonomy":"post_tag","embeddable":true,"href":"https:\/\/sap.sc.gov.br\/en\/wp-json\/wp\/v2\/tags?post=13404"}],"curies":[{"name":"wp","href":"https:\/\/api.w.org\/{rel}","templated":true}]}}