{"id":13413,"date":"2014-07-03T21:45:14","date_gmt":"2014-07-04T00:45:14","guid":{"rendered":"http:\/\/webdease2023.intranet.ciasc.gov.br\/2014\/07\/03\/complexo-penitenciario-do-estado-ganha-mais-vagas-de-trabalho-e-nova-ala-de-visitantes\/"},"modified":"2023-07-13T17:52:49","modified_gmt":"2023-07-13T20:52:49","slug":"complexo-penitenciario-do-estado-ganha-mais-vagas-de-trabalho-e-nova-ala-de-visitantes","status":"publish","type":"post","link":"https:\/\/sap.sc.gov.br\/en\/complexo-penitenciario-do-estado-ganha-mais-vagas-de-trabalho-e-nova-ala-de-visitantes\/","title":{"rendered":"Complexo Penitenci\u00e1rio do Estado ganha mais vagas de trabalho e nova ala de visitantes"},"content":{"rendered":"<p>Na manh\u00e3 desta quinta-feira, 03, um novo conv\u00eanio que oferece vagas de trabalho aos apenados foi assinado em S\u00e3o Pedro de Alc\u00e2ntara. Durante uma solenidade ocorrida nas depend\u00eancias da Penitenci\u00e1ria, representantes da empresa C-Pack Creative Packaging, que produz embalagens pl\u00e1sticas para grandes clientes nacionais e internacionais, assinaram o conv\u00eanio com a Secretaria de Estado da Justi\u00e7a e Cidadania. A empresa empregar\u00e1 18 reeducandos que trabalhar\u00e3o na revis\u00e3o de trabalhos manuais dos produtos da empresa. Todos os reeducandos empregados receber\u00e3o da empresa um sal\u00e1rio m\u00ednimo, nos termos do conv\u00eanio.<\/p>\n<p><img decoding=\"async\" class=\"size-full wp-image-746\" src=\"https:\/\/www.sap.sc.gov.br\/wp-content\/uploads\/2014\/07\/cpack04-385-1.jpg\" alt=\"cpack04\" \/>Atualmente, o Complexo Penitenci\u00e1rio do Estado (Cope) emprega aproximadamente 350 presos, que trabalham em 06 empresas instaladas dentro da unidade. Nos pr\u00f3ximos meses a penitenci\u00e1ria receber\u00e1 oito novas oficinas de trabalho, oportunizando a entrada de novas empresas e oferta de trabalho remunerado para mais de 50 % dos presos da unidade.<\/p>\n<p><img decoding=\"async\" class=\"size-full wp-image-747\" src=\"https:\/\/www.sap.sc.gov.br\/wp-content\/uploads\/2014\/07\/cpack02-b71-1.jpg\" alt=\"cpack02\" \/>Durante a solenidade houve ainda a posse do novo Gerente de Apoio Operacional do Complexo. Hilberto Ant\u00f4nio Vieira Junior, agente penitenci\u00e1rio que gerenciava o Pres\u00eddio Regional de Itaja\u00ed, assumiu o novo cargo nesta manh\u00e3 no lugar do tamb\u00e9m agente penitenci\u00e1rio Robson Fernandes.<\/p>\n<p>&nbsp;<img decoding=\"async\" class=\"size-full wp-image-748\" src=\"https:\/\/www.sap.sc.gov.br\/wp-content\/uploads\/2014\/07\/cpack03-8a7-1.jpg\" alt=\"cpack03\" \/>Ap\u00f3s a assinatura do conv\u00eanio, houve a inaugura\u00e7\u00e3o da nova ala de visitantes do Complexo. O projeto contempla uma reestrutura\u00e7\u00e3o da recep\u00e7\u00e3o das visitas dos reeducandos, desde um novo percurso com cobertura para dias chuvosos, sala de espera na casa da revista e um novo espa\u00e7o para os visitantes em ambiente totalmente remodelado com televis\u00e3o, frald\u00e1rio e banheiro para deficientes f\u00edsicos.<\/p>\n<p>\u201cJ\u00e1 \u00e9 bastante penoso para uma m\u00e3e entrar numa unidade prisional para visitar um filho. N\u00e3o podemos permitir que a pena do preso se transfira aos seus familiares. Oferecer um espa\u00e7o mais digno para as visitas minimiza esse impacto negativo que se tem de uma unidade prisional\u201d, lembra Edemir Alexandre Camargo Neto, Diretor do Complexo Penitenci\u00e1rio.<\/p>\n<p>O Diretor do Deap, Leandro Antonio Soares Lima, elogiou o trabalho da nova dire\u00e7\u00e3o do Cope. \u201cTemos visto grandes mudan\u00e7as estruturais e administrativas desde a posse do Alexandre. Em apenas um ano a Penitenci\u00e1ria de S\u00e3o Pedro de Alc\u00e2ntara est\u00e1 deixando o estigma de uma unidade problema e se transformando em uma Penitenci\u00e1ria de refer\u00eancia no Brasil\u201d, concluiu Lima.<\/p>","protected":false},"excerpt":{"rendered":"<p>Na manh\u00e3 desta quinta-feira, 03, um novo conv\u00eanio que oferece vagas de trabalho aos apenados foi assinado em S\u00e3o Pedro de Alc\u00e2ntara. Durante uma solenidade ocorrida nas depend\u00eancias da Penitenci\u00e1ria, representantes da empresa C-Pack Creative Packaging, que produz embalagens pl\u00e1sticas para grandes clientes nacionais e internacionais, assinaram o conv\u00eanio com a Secretaria de Estado da [&hellip;]<\/p>\n","protected":false},"author":6,"featured_media":14448,"comment_status":"open","ping_status":"open","sticky":false,"template":"","format":"standard","meta":{"_monsterinsights_skip_tracking":false,"_monsterinsights_sitenote_active":false,"_monsterinsights_sitenote_note":"","_monsterinsights_sitenote_category":0,"footnotes":"","_wp_rev_ctl_limit":""},"categories":[1296],"tags":[],"publishpress_future_action":{"enabled":false,"date":"2026-05-03 11:08:02","action":"change-status","newStatus":"draft","terms":[],"taxonomy":"category"},"publishpress_future_workflow_manual_trigger":{"enabledWorkflows":[]},"_links":{"self":[{"href":"https:\/\/sap.sc.gov.br\/en\/wp-json\/wp\/v2\/posts\/13413"}],"collection":[{"href":"https:\/\/sap.sc.gov.br\/en\/wp-json\/wp\/v2\/posts"}],"about":[{"href":"https:\/\/sap.sc.gov.br\/en\/wp-json\/wp\/v2\/types\/post"}],"author":[{"embeddable":true,"href":"https:\/\/sap.sc.gov.br\/en\/wp-json\/wp\/v2\/users\/6"}],"replies":[{"embeddable":true,"href":"https:\/\/sap.sc.gov.br\/en\/wp-json\/wp\/v2\/comments?post=13413"}],"version-history":[{"count":0,"href":"https:\/\/sap.sc.gov.br\/en\/wp-json\/wp\/v2\/posts\/13413\/revisions"}],"wp:featuredmedia":[{"embeddable":true,"href":"https:\/\/sap.sc.gov.br\/en\/wp-json\/wp\/v2\/media\/14448"}],"wp:attachment":[{"href":"https:\/\/sap.sc.gov.br\/en\/wp-json\/wp\/v2\/media?parent=13413"}],"wp:term":[{"taxonomy":"category","embeddable":true,"href":"https:\/\/sap.sc.gov.br\/en\/wp-json\/wp\/v2\/categories?post=13413"},{"taxonomy":"post_tag","embeddable":true,"href":"https:\/\/sap.sc.gov.br\/en\/wp-json\/wp\/v2\/tags?post=13413"}],"curies":[{"name":"wp","href":"https:\/\/api.w.org\/{rel}","templated":true}]}}