{"id":13418,"date":"2014-07-15T23:21:41","date_gmt":"2014-07-16T02:21:41","guid":{"rendered":"http:\/\/webdease2023.intranet.ciasc.gov.br\/2014\/07\/15\/ii-seminario-estadual-de-educacao-em-prisoes\/"},"modified":"2023-07-13T17:52:51","modified_gmt":"2023-07-13T20:52:51","slug":"ii-seminario-estadual-de-educacao-em-prisoes","status":"publish","type":"post","link":"https:\/\/sap.sc.gov.br\/en\/ii-seminario-estadual-de-educacao-em-prisoes\/","title":{"rendered":"II Semin\u00e1rio Estadual de Educa\u00e7\u00e3o em Pris\u00f5es"},"content":{"rendered":"<p>O Diretor do Departamento de Administra\u00e7\u00e3o Prisional (Deap), Leandro Ant\u00f4nio Soares Lima, participou na tarde desta ter\u00e7a-feira, 15, do II Semin\u00e1rio Estadual de Educa\u00e7\u00e3o em Pris\u00f5es e Forma\u00e7\u00e3o Continuada.<\/p>\n<p><img decoding=\"async\" class=\"size-full wp-image-759\" src=\"https:\/\/www.sap.sc.gov.br\/wp-content\/uploads\/2014\/07\/semineduc003-880-1.jpg\" alt=\"semineduc003\" \/>Durante duas horas Leandro Lima participou de um debate sobre educa\u00e7\u00e3o no sistema prisional com a Ju\u00edza de Direito, Brigitte Remor de Souza May, e realizou uma breve apresenta\u00e7\u00e3o do sistema prisional catarinense e suas estat\u00edsticas.<\/p>\n<p><img decoding=\"async\" class=\"size-full wp-image-760\" src=\"https:\/\/www.sap.sc.gov.br\/wp-content\/uploads\/2014\/07\/semineduc002-b56-1.jpg\" alt=\"semineduc002\" \/>O semin\u00e1rio \u00e9 organizado pela Secretaria de Estado da Educa\u00e7\u00e3o (SED), em parceria com a Secretaria de Estado da Justi\u00e7a e Cidadania (SJC) e acontece no norte da ilha de Florian\u00f3polis, no bairro dos Ingleses, entre os dias 15 e 18 de julho, com a participa\u00e7\u00e3o de agentes penitenci\u00e1rios, t\u00e9cnicos prisionais, professores e servidores da SED.<\/p>\n<p>O objetivo do semin\u00e1rio \u00e9 discutir as pol\u00edticas de educa\u00e7\u00e3o nas unidades prisionais do Estado, fomentando melhorias e ampliando a qualidade e o acesso \u00e0 educa\u00e7\u00e3o no sistema prisional de Santa Catarina.<\/p>","protected":false},"excerpt":{"rendered":"<p>O Diretor do Departamento de Administra\u00e7\u00e3o Prisional (Deap), Leandro Ant\u00f4nio Soares Lima, participou na tarde desta ter\u00e7a-feira, 15, do II Semin\u00e1rio Estadual de Educa\u00e7\u00e3o em Pris\u00f5es e Forma\u00e7\u00e3o Continuada. Durante duas horas Leandro Lima participou de um debate sobre educa\u00e7\u00e3o no sistema prisional com a Ju\u00edza de Direito, Brigitte Remor de Souza May, e realizou [&hellip;]<\/p>\n","protected":false},"author":6,"featured_media":14460,"comment_status":"open","ping_status":"open","sticky":false,"template":"","format":"standard","meta":{"_monsterinsights_skip_tracking":false,"_monsterinsights_sitenote_active":false,"_monsterinsights_sitenote_note":"","_monsterinsights_sitenote_category":0,"footnotes":"","_wp_rev_ctl_limit":""},"categories":[1296],"tags":[],"publishpress_future_action":{"enabled":false,"date":"2026-05-03 11:09:48","action":"change-status","newStatus":"draft","terms":[],"taxonomy":"category"},"publishpress_future_workflow_manual_trigger":{"enabledWorkflows":[]},"_links":{"self":[{"href":"https:\/\/sap.sc.gov.br\/en\/wp-json\/wp\/v2\/posts\/13418"}],"collection":[{"href":"https:\/\/sap.sc.gov.br\/en\/wp-json\/wp\/v2\/posts"}],"about":[{"href":"https:\/\/sap.sc.gov.br\/en\/wp-json\/wp\/v2\/types\/post"}],"author":[{"embeddable":true,"href":"https:\/\/sap.sc.gov.br\/en\/wp-json\/wp\/v2\/users\/6"}],"replies":[{"embeddable":true,"href":"https:\/\/sap.sc.gov.br\/en\/wp-json\/wp\/v2\/comments?post=13418"}],"version-history":[{"count":0,"href":"https:\/\/sap.sc.gov.br\/en\/wp-json\/wp\/v2\/posts\/13418\/revisions"}],"wp:featuredmedia":[{"embeddable":true,"href":"https:\/\/sap.sc.gov.br\/en\/wp-json\/wp\/v2\/media\/14460"}],"wp:attachment":[{"href":"https:\/\/sap.sc.gov.br\/en\/wp-json\/wp\/v2\/media?parent=13418"}],"wp:term":[{"taxonomy":"category","embeddable":true,"href":"https:\/\/sap.sc.gov.br\/en\/wp-json\/wp\/v2\/categories?post=13418"},{"taxonomy":"post_tag","embeddable":true,"href":"https:\/\/sap.sc.gov.br\/en\/wp-json\/wp\/v2\/tags?post=13418"}],"curies":[{"name":"wp","href":"https:\/\/api.w.org\/{rel}","templated":true}]}}