{"id":13430,"date":"2014-09-09T09:41:15","date_gmt":"2014-09-09T12:41:15","guid":{"rendered":"http:\/\/webdease2023.intranet.ciasc.gov.br\/2014\/09\/09\/operacao-integrada-de-seguranca-prisional-acontece-em-blumenau\/"},"modified":"2023-07-13T17:53:00","modified_gmt":"2023-07-13T20:53:00","slug":"operacao-integrada-de-seguranca-prisional-acontece-em-blumenau","status":"publish","type":"post","link":"https:\/\/sap.sc.gov.br\/en\/operacao-integrada-de-seguranca-prisional-acontece-em-blumenau\/","title":{"rendered":"Opera\u00e7\u00e3o Integrada de Seguran\u00e7a Prisional acontece em Blumenau"},"content":{"rendered":"<p style=\"margin-bottom: 0.0001pt; background-image: initial; background-attachment: initial; background-position: initial; background-repeat: initial;\"><span style=\"font-size: 10pt; font-family: Arial, sans-serif; color: #222222;\">O Pres\u00eddio Regional de Blumenau passa nesta ter\u00e7a-feira, 09, por uma Opera\u00e7\u00e3o Integrada de Seguran\u00e7a Prisional. A opera\u00e7\u00e3o, que iniciou durante a madrugada, conta com mais de 170 agentes penitenci\u00e1rios de outras regi\u00f5es do Estado.<\/span><\/p>\n<p style=\"margin-bottom: 0.0001pt; background-image: initial; background-attachment: initial; background-position: initial; background-repeat: initial;\"><span style=\"font-size: 10pt; font-family: Arial, sans-serif; color: #222222;\">Trata-se de uma a\u00e7\u00e3o de rotina coordenada pelo Centro de A\u00e7\u00f5es Penitenci\u00e1rias (CAP) do Deap, que ocorre em diversas unidades prisionais catarinenses. As Opera\u00e7\u00f5es Integradas de Seguran\u00e7a Prisional t\u00eam por objetivo realizar uma inspe\u00e7\u00e3o geral em todas as celas e galerias da unidade prisional, oficinas de trabalho e espa\u00e7os de viv\u00eancia dos presos, bem como uma revista estrutural em toda a edifica\u00e7\u00e3o. Nesta ter\u00e7a-feira a opera\u00e7\u00e3o acontece no Pres\u00eddio Regional de Blumenau e, al\u00e9m dos agentes penitenci\u00e1rios,&nbsp;conta com acompanhamento de representantes Tribunal de Justi\u00e7a e da Comiss\u00e3o para Atendimento dos Direitos da Mulher Presa e Egressa do Sistema Prisional de Santa Catarina.<\/span><\/p>\n<p style=\"margin-bottom: 0.0001pt; background-image: initial; background-attachment: initial; background-position: initial; background-repeat: initial;\"><span style=\"font-size: 10pt; font-family: Arial, sans-serif; color: #222222;\">Todas as atividades de rotina da unidade estar\u00e3o suspensas durante toda esta ter\u00e7a-feira.<\/span><\/p>\n<p><span style=\"font-size: 10pt; line-height: 115%; font-family: Arial, sans-serif; color: #222222; background-image: initial; background-attachment: initial; background-position: initial; background-repeat: initial;\">As eventuais apreens\u00f5es de objetos il\u00edcitos, detalhes das a\u00e7\u00f5es internas e dados da opera\u00e7\u00e3o s\u00e3o sigilosos e informados apenas aos \u00f3rg\u00e3os competentes.<\/span><\/p>","protected":false},"excerpt":{"rendered":"<p>O Pres\u00eddio Regional de Blumenau passa nesta ter\u00e7a-feira, 09, por uma Opera\u00e7\u00e3o Integrada de Seguran\u00e7a Prisional. A opera\u00e7\u00e3o, que iniciou durante a madrugada, conta com mais de 170 agentes penitenci\u00e1rios de outras regi\u00f5es do Estado. Trata-se de uma a\u00e7\u00e3o de rotina coordenada pelo Centro de A\u00e7\u00f5es Penitenci\u00e1rias (CAP) do Deap, que ocorre em diversas unidades [&hellip;]<\/p>\n","protected":false},"author":6,"featured_media":0,"comment_status":"open","ping_status":"open","sticky":false,"template":"","format":"standard","meta":{"_monsterinsights_skip_tracking":false,"_monsterinsights_sitenote_active":false,"_monsterinsights_sitenote_note":"","_monsterinsights_sitenote_category":0,"footnotes":"","_wp_rev_ctl_limit":""},"categories":[1296],"tags":[],"publishpress_future_action":{"enabled":false,"date":"2026-05-03 11:08:04","action":"change-status","newStatus":"draft","terms":[],"taxonomy":"category"},"publishpress_future_workflow_manual_trigger":{"enabledWorkflows":[]},"_links":{"self":[{"href":"https:\/\/sap.sc.gov.br\/en\/wp-json\/wp\/v2\/posts\/13430"}],"collection":[{"href":"https:\/\/sap.sc.gov.br\/en\/wp-json\/wp\/v2\/posts"}],"about":[{"href":"https:\/\/sap.sc.gov.br\/en\/wp-json\/wp\/v2\/types\/post"}],"author":[{"embeddable":true,"href":"https:\/\/sap.sc.gov.br\/en\/wp-json\/wp\/v2\/users\/6"}],"replies":[{"embeddable":true,"href":"https:\/\/sap.sc.gov.br\/en\/wp-json\/wp\/v2\/comments?post=13430"}],"version-history":[{"count":0,"href":"https:\/\/sap.sc.gov.br\/en\/wp-json\/wp\/v2\/posts\/13430\/revisions"}],"wp:attachment":[{"href":"https:\/\/sap.sc.gov.br\/en\/wp-json\/wp\/v2\/media?parent=13430"}],"wp:term":[{"taxonomy":"category","embeddable":true,"href":"https:\/\/sap.sc.gov.br\/en\/wp-json\/wp\/v2\/categories?post=13430"},{"taxonomy":"post_tag","embeddable":true,"href":"https:\/\/sap.sc.gov.br\/en\/wp-json\/wp\/v2\/tags?post=13430"}],"curies":[{"name":"wp","href":"https:\/\/api.w.org\/{rel}","templated":true}]}}