{"id":13433,"date":"2014-11-21T20:46:01","date_gmt":"2014-11-21T22:46:01","guid":{"rendered":"http:\/\/webdease2023.intranet.ciasc.gov.br\/2014\/11\/21\/gerente-do-presidio-regional-de-joinville-recebe-homenagem-de-servidores\/"},"modified":"2023-07-13T17:53:10","modified_gmt":"2023-07-13T20:53:10","slug":"gerente-do-presidio-regional-de-joinville-recebe-homenagem-de-servidores","status":"publish","type":"post","link":"https:\/\/sap.sc.gov.br\/en\/gerente-do-presidio-regional-de-joinville-recebe-homenagem-de-servidores\/","title":{"rendered":"Gerente do Pres\u00eddio Regional de Joinville recebe homenagem de servidores"},"content":{"rendered":"<p>O agente penitenci\u00e1rio Cristiano Teixeira da Silva completou, no \u00faltimo dia 11 de novembro, tr\u00eas anos na Ger\u00eancia do Pres\u00eddio Regional de Joinville. Cristiano \u00e9 agente penitenci\u00e1rio h\u00e1 seis anos e desde 2011 vem executando um trabalho exitoso de gest\u00e3o \u00e0 frente da unidade prisional.<\/p>\n<p><img decoding=\"async\" class=\"size-full wp-image-849\" src=\"https:\/\/www.sap.sc.gov.br\/wp-content\/uploads\/2014\/11\/cristiano02-027-1.jpg\" alt=\"cristiano02\" \/>No dia em que completou tr\u00eas anos de gest\u00e3o, Cristiano foi recepcionado no Pres\u00eddio por agentes penitenci\u00e1rios e servidores da unidade em uma solenidade de homenagem. \u201cO Cristiano buscou o aux\u00edlio dos colegas de profiss\u00e3o para melhorar uma unidade com muitas dificuldades, n\u00e3o apenas estruturais, mas tamb\u00e9m culturais\u201d, lembrou Valdenir Feder, agente penitenci\u00e1rio que trabalha no pres\u00eddio.&nbsp;<\/p>","protected":false},"excerpt":{"rendered":"<p>O agente penitenci\u00e1rio Cristiano Teixeira da Silva completou, no \u00faltimo dia 11 de novembro, tr\u00eas anos na Ger\u00eancia do Pres\u00eddio Regional de Joinville. Cristiano \u00e9 agente penitenci\u00e1rio h\u00e1 seis anos e desde 2011 vem executando um trabalho exitoso de gest\u00e3o \u00e0 frente da unidade prisional. No dia em que completou tr\u00eas anos de gest\u00e3o, Cristiano [&hellip;]<\/p>\n","protected":false},"author":6,"featured_media":14549,"comment_status":"open","ping_status":"open","sticky":false,"template":"","format":"standard","meta":{"_monsterinsights_skip_tracking":false,"_monsterinsights_sitenote_active":false,"_monsterinsights_sitenote_note":"","_monsterinsights_sitenote_category":0,"footnotes":"","_wp_rev_ctl_limit":""},"categories":[1296],"tags":[],"publishpress_future_action":{"enabled":false,"date":"2026-05-03 12:35:14","action":"change-status","newStatus":"draft","terms":[],"taxonomy":"category"},"publishpress_future_workflow_manual_trigger":{"enabledWorkflows":[]},"_links":{"self":[{"href":"https:\/\/sap.sc.gov.br\/en\/wp-json\/wp\/v2\/posts\/13433"}],"collection":[{"href":"https:\/\/sap.sc.gov.br\/en\/wp-json\/wp\/v2\/posts"}],"about":[{"href":"https:\/\/sap.sc.gov.br\/en\/wp-json\/wp\/v2\/types\/post"}],"author":[{"embeddable":true,"href":"https:\/\/sap.sc.gov.br\/en\/wp-json\/wp\/v2\/users\/6"}],"replies":[{"embeddable":true,"href":"https:\/\/sap.sc.gov.br\/en\/wp-json\/wp\/v2\/comments?post=13433"}],"version-history":[{"count":0,"href":"https:\/\/sap.sc.gov.br\/en\/wp-json\/wp\/v2\/posts\/13433\/revisions"}],"wp:featuredmedia":[{"embeddable":true,"href":"https:\/\/sap.sc.gov.br\/en\/wp-json\/wp\/v2\/media\/14549"}],"wp:attachment":[{"href":"https:\/\/sap.sc.gov.br\/en\/wp-json\/wp\/v2\/media?parent=13433"}],"wp:term":[{"taxonomy":"category","embeddable":true,"href":"https:\/\/sap.sc.gov.br\/en\/wp-json\/wp\/v2\/categories?post=13433"},{"taxonomy":"post_tag","embeddable":true,"href":"https:\/\/sap.sc.gov.br\/en\/wp-json\/wp\/v2\/tags?post=13433"}],"curies":[{"name":"wp","href":"https:\/\/api.w.org\/{rel}","templated":true}]}}