{"id":13434,"date":"2014-11-24T21:04:01","date_gmt":"2014-11-24T23:04:01","guid":{"rendered":"http:\/\/webdease2023.intranet.ciasc.gov.br\/2014\/11\/24\/agente-penitenciario-participa-de-intercambio-da-policia-civil-com-a-policia-do-exercito\/"},"modified":"2023-07-13T17:53:10","modified_gmt":"2023-07-13T20:53:10","slug":"agente-penitenciario-participa-de-intercambio-da-policia-civil-com-a-policia-do-exercito","status":"publish","type":"post","link":"https:\/\/sap.sc.gov.br\/en\/agente-penitenciario-participa-de-intercambio-da-policia-civil-com-a-policia-do-exercito\/","title":{"rendered":"Agente Penitenci\u00e1rio participa de Interc\u00e2mbio da Pol\u00edcia Civil com a Pol\u00edcia do Ex\u00e9rcito."},"content":{"rendered":"<p style=\"text-align: justify;\"><span style=\"font-size: 12pt; line-height: 115%;\">A Pol\u00edcia Civil, por meio da Coordenadoria de Opera\u00e7\u00f5es Policiais Especiais (COPE), e as unidades militares da 14\u00aa Brigada de Infantaria Motorizada, realizou Interc\u00e2mbio de Instru\u00e7\u00e3o com o 14\u00ba Pelot\u00e3o de Pol\u00edcia do Ex\u00e9rcito (PE), nesta \u00faltima quinta-feira, 20, participando como Instrutor de Tiro convidado o Agente Penitenci\u00e1rio Aldo Bueno, do Departamento de Administra\u00e7\u00e3o Prisional (DEAP), o qual auxiliou nos trabalhos referentes \u00e0s instru\u00e7\u00f5es.&nbsp;&nbsp; <\/span><\/p>\n<p style=\"text-align: justify;\"><span style=\"font-size: 12pt; line-height: 115%;\">O treinamento teve como objetivo qualificar e nivelar os militares daquela unidade para as opera\u00e7\u00f5es de Garantia da Lei e da Ordem que ser\u00e3o realizadas na cidade do Rio de Janeiro\/RJ, na comunidade conhecida como &#8220;Complexo da Mar\u00e9&#8221;. A instru\u00e7\u00e3o teve como objetivo o Tiro de Combate enquadrado nas Opera\u00e7\u00f5es Urbanas e teve como ponto forte exerc\u00edcios visando \u00e0 aquisi\u00e7\u00e3o de m\u00faltiplos alvos e tiro em movimento, e o manuseio do Fuzil FAL de calibre 7,62mm.&nbsp; <\/span><\/p>\n<p style=\"text-align: justify;\"><span style=\"font-size: 12pt; line-height: 115%;\">&nbsp;&#8220;A COPE conta na sua estrutura organizacional com a Se\u00e7\u00e3o de Instru\u00e7\u00e3o Especializada (SIESP) que tem por objetivo a pesquisa e desenvolvimento da Doutrina de Unidade de Opera\u00e7\u00f5es Especiais (UOEsp), bem como servir de vetor para as t\u00e1ticas e t\u00e9cnicas operacionais utilizadas pela Pol\u00edcia Civil de Santa Catarina&#8221;, aponta o Agente de Pol\u00edcia Marcelo Esperandio, instrutor e respons\u00e1vel pela SIESP.&nbsp; <\/span><\/p>\n<p style=\"text-align: justify;\"><span style=\"font-size: 12pt; line-height: 115%;\">O Coordenador Adjunto da COPE, Delegado Eduardo Senna, destaca que a intera\u00e7\u00e3o permanente com as Organiza\u00e7\u00f5es Militares (OM) permite o conhecimento atualizado da estrutura material (armamentos) e doutrin\u00e1ria (t\u00e1ticas e m\u00e9todos operacionais) das For\u00e7as Armadas (FFAA), contribuindo para o aprimoramento funcional da COPE no que tange aos vetores Operar, Combater e Instruir.<\/span><\/p>","protected":false},"excerpt":{"rendered":"<p>A Pol\u00edcia Civil, por meio da Coordenadoria de Opera\u00e7\u00f5es Policiais Especiais (COPE), e as unidades militares da 14\u00aa Brigada de Infantaria Motorizada, realizou Interc\u00e2mbio de Instru\u00e7\u00e3o com o 14\u00ba Pelot\u00e3o de Pol\u00edcia do Ex\u00e9rcito (PE), nesta \u00faltima quinta-feira, 20, participando como Instrutor de Tiro convidado o Agente Penitenci\u00e1rio Aldo Bueno, do Departamento de Administra\u00e7\u00e3o Prisional [&hellip;]<\/p>\n","protected":false},"author":6,"featured_media":14551,"comment_status":"open","ping_status":"open","sticky":false,"template":"","format":"standard","meta":{"_monsterinsights_skip_tracking":false,"_monsterinsights_sitenote_active":false,"_monsterinsights_sitenote_note":"","_monsterinsights_sitenote_category":0,"footnotes":"","_wp_rev_ctl_limit":""},"categories":[1296],"tags":[],"publishpress_future_action":{"enabled":false,"date":"2026-05-03 12:35:13","action":"change-status","newStatus":"draft","terms":[],"taxonomy":"category"},"publishpress_future_workflow_manual_trigger":{"enabledWorkflows":[]},"_links":{"self":[{"href":"https:\/\/sap.sc.gov.br\/en\/wp-json\/wp\/v2\/posts\/13434"}],"collection":[{"href":"https:\/\/sap.sc.gov.br\/en\/wp-json\/wp\/v2\/posts"}],"about":[{"href":"https:\/\/sap.sc.gov.br\/en\/wp-json\/wp\/v2\/types\/post"}],"author":[{"embeddable":true,"href":"https:\/\/sap.sc.gov.br\/en\/wp-json\/wp\/v2\/users\/6"}],"replies":[{"embeddable":true,"href":"https:\/\/sap.sc.gov.br\/en\/wp-json\/wp\/v2\/comments?post=13434"}],"version-history":[{"count":0,"href":"https:\/\/sap.sc.gov.br\/en\/wp-json\/wp\/v2\/posts\/13434\/revisions"}],"wp:featuredmedia":[{"embeddable":true,"href":"https:\/\/sap.sc.gov.br\/en\/wp-json\/wp\/v2\/media\/14551"}],"wp:attachment":[{"href":"https:\/\/sap.sc.gov.br\/en\/wp-json\/wp\/v2\/media?parent=13434"}],"wp:term":[{"taxonomy":"category","embeddable":true,"href":"https:\/\/sap.sc.gov.br\/en\/wp-json\/wp\/v2\/categories?post=13434"},{"taxonomy":"post_tag","embeddable":true,"href":"https:\/\/sap.sc.gov.br\/en\/wp-json\/wp\/v2\/tags?post=13434"}],"curies":[{"name":"wp","href":"https:\/\/api.w.org\/{rel}","templated":true}]}}