{"id":13436,"date":"2015-01-16T04:00:28","date_gmt":"2015-01-16T06:00:28","guid":{"rendered":"http:\/\/webdease2023.intranet.ciasc.gov.br\/2015\/01\/16\/nota-oficial-transferencia-de-presos\/"},"modified":"2023-07-13T17:53:15","modified_gmt":"2023-07-13T20:53:15","slug":"nota-oficial-transferencia-de-presos","status":"publish","type":"post","link":"https:\/\/sap.sc.gov.br\/en\/nota-oficial-transferencia-de-presos\/","title":{"rendered":"Nota Oficial &#8211; Transfer\u00eancia de Presos"},"content":{"rendered":"<p>O sistema prisional catarinense transferiu 18 presos na manh\u00e3 de quarta-feira, 14, para uma Penitenci\u00e1ria Federal. A remo\u00e7\u00e3o de presos \u2013 para unidades catarinenses ou para fora do Estado &#8211; \u00e9 uma rotina no sistema como medida para garantir a seguran\u00e7a e tranquilidade em todo o sistema.<\/p>\n<p>Trata-se de uma a\u00e7\u00e3o preventiva, de combate ao crime organizado, realizada atrav\u00e9s das for\u00e7as de seguran\u00e7a p\u00fablica, sistema prisional e ag\u00eancias de Intelig\u00eancia do Estado.<\/p>\n<p>A opera\u00e7\u00e3o ocorreu dentro da plena legalidade, sem nenhum incidente registrado, tendo sido conclu\u00edda \u00e0s 11h30min de quarta.<\/p>","protected":false},"excerpt":{"rendered":"<p>O sistema prisional catarinense transferiu 18 presos na manh\u00e3 de quarta-feira, 14, para uma Penitenci\u00e1ria Federal. A remo\u00e7\u00e3o de presos \u2013 para unidades catarinenses ou para fora do Estado &#8211; \u00e9 uma rotina no sistema como medida para garantir a seguran\u00e7a e tranquilidade em todo o sistema. Trata-se de uma a\u00e7\u00e3o preventiva, de combate ao [&hellip;]<\/p>\n","protected":false},"author":6,"featured_media":14474,"comment_status":"open","ping_status":"open","sticky":false,"template":"","format":"standard","meta":{"_monsterinsights_skip_tracking":false,"_monsterinsights_sitenote_active":false,"_monsterinsights_sitenote_note":"","_monsterinsights_sitenote_category":0,"footnotes":"","_wp_rev_ctl_limit":""},"categories":[1296],"tags":[],"publishpress_future_action":{"enabled":false,"date":"2026-05-03 12:35:12","action":"change-status","newStatus":"draft","terms":[],"taxonomy":"category"},"publishpress_future_workflow_manual_trigger":{"enabledWorkflows":[]},"_links":{"self":[{"href":"https:\/\/sap.sc.gov.br\/en\/wp-json\/wp\/v2\/posts\/13436"}],"collection":[{"href":"https:\/\/sap.sc.gov.br\/en\/wp-json\/wp\/v2\/posts"}],"about":[{"href":"https:\/\/sap.sc.gov.br\/en\/wp-json\/wp\/v2\/types\/post"}],"author":[{"embeddable":true,"href":"https:\/\/sap.sc.gov.br\/en\/wp-json\/wp\/v2\/users\/6"}],"replies":[{"embeddable":true,"href":"https:\/\/sap.sc.gov.br\/en\/wp-json\/wp\/v2\/comments?post=13436"}],"version-history":[{"count":0,"href":"https:\/\/sap.sc.gov.br\/en\/wp-json\/wp\/v2\/posts\/13436\/revisions"}],"wp:featuredmedia":[{"embeddable":true,"href":"https:\/\/sap.sc.gov.br\/en\/wp-json\/wp\/v2\/media\/14474"}],"wp:attachment":[{"href":"https:\/\/sap.sc.gov.br\/en\/wp-json\/wp\/v2\/media?parent=13436"}],"wp:term":[{"taxonomy":"category","embeddable":true,"href":"https:\/\/sap.sc.gov.br\/en\/wp-json\/wp\/v2\/categories?post=13436"},{"taxonomy":"post_tag","embeddable":true,"href":"https:\/\/sap.sc.gov.br\/en\/wp-json\/wp\/v2\/tags?post=13436"}],"curies":[{"name":"wp","href":"https:\/\/api.w.org\/{rel}","templated":true}]}}