{"id":1381,"date":"2020-03-26T00:19:06","date_gmt":"2020-03-26T00:19:06","guid":{"rendered":"http:\/\/webdease2023.intranet.ciasc.gov.br\/2020\/03\/26\/coronavirus-em-sc-governo-do-estado-confirma-122-casos-de-covid-19\/"},"modified":"2020-03-26T00:19:06","modified_gmt":"2020-03-26T00:19:06","slug":"coronavirus-em-sc-governo-do-estado-confirma-122-casos-de-covid-19","status":"publish","type":"post","link":"https:\/\/sap.sc.gov.br\/en\/coronavirus-em-sc-governo-do-estado-confirma-122-casos-de-covid-19\/","title":{"rendered":"Coronav\u00edrus em SC: Governo do Estado confirma 122 casos de Covid-19"},"content":{"rendered":"<\/p>\n<p>Santa Catarina tem 122 casos confirmados do novo coronav\u00edrus, conforme boletim de atualiza\u00e7\u00e3o divulgado pelo governador Carlos Mois\u00e9s em coletiva de imprensa no fim da tarde desta quarta-feira, 25. H\u00e1 pacientes com diagn\u00f3stico positivo para a doen\u00e7a Covid-19 em todas as regi\u00f5es do estado.<\/p>\n<p>A partir desta quarta-feira, o governador informou que houve uma mudan\u00e7a nos crit\u00e9rios de monitoramento, com os casos passando a ser contabilizados pelo munic\u00edpio de resid\u00eancia do paciente e n\u00e3o mais pelo de notifica\u00e7\u00e3o. O estado tem 325 casos suspeitos da doen\u00e7a.&nbsp;<\/p>\n<p>Com a nova metodologia, no total, s\u00e3o 28 munic\u00edpios catarinenses com casos confirmados at\u00e9 o momento, al\u00e9m de cinco&nbsp;casos de residentes em outros estados e tr\u00eas em outros pa\u00edses. Veja abaixo a lista de cidades:<\/p>\n<p>Balne\u00e1rio Arroio do Silva &#8211; 1<br \/>Balne\u00e1rio Cambori\u00fa \u2013 7<br \/>Bra\u00e7o do Norte \u2013 9<br \/>Cambori\u00fa- 2<br \/>Blumenau \u2013 9<br \/>Canelinha &#8211; 1<br \/>Chapec\u00f3 \u2013 2<br \/>Crici\u00fama &#8211; 11<br \/>Florian\u00f3polis \u2013 16<br \/>Gaspar &#8211; 1<br \/>Gravatal \u2013 3<br \/>I\u00e7ara &#8211; 1<br \/>Imbituba \u2013 4<br \/>Itaja\u00ed &#8211; 12<br \/>Jaguaruna \u2013 2<br \/>Jaragu\u00e1 do Sul \u2013 2<br \/>Laguna &#8211; 1<br \/>Lages &#8211; 1<br \/>Joinville \u2013 5<br \/>Navegantes \u2013 3<br \/>Pomerode \u2013 1<br \/>Porto Belo &#8211; 2<br \/>Rancho Queimado \u2013 2<br \/>S\u00e3o Jos\u00e9 \u2013 5<br \/>S\u00e3o Ludgero \u2013 1<br \/>S\u00e3o Pedro de Alc\u00e2ntara &#8211; 1<br \/>Tijucas &#8211; 1<br \/>Tubar\u00e3o \u2013 8<\/p>\n<p>Outros estados \u2013 5<br \/>Outros pa\u00edses \u2013 3<\/p>\n<p>O governador Carlos Mois\u00e9s lembrou que o novo decreto com medidas de isolamento social passou a vigorar nesta quarta-feira, 25, e tem validade de sete dias. Segundo ele, as restri\u00e7\u00f5es s\u00e3o necess\u00e1rias para evitar um colapso futuro.&nbsp; \u201cN\u00f3s entendemos que j\u00e1 temos resultados positivos para essa nossa a\u00e7\u00e3o, que \u00e9 de mitigar o desenvolvimento dessa curva de cont\u00e1gio em massa. Queremos evitar que o colapso se instale no sistema de sa\u00fade, tanto p\u00fablico quanto privado, e isso nos impe\u00e7a de atender as pessoas. A nossa decis\u00e3o tem sido embasada em conceitos t\u00e9cnicos e que n\u00f3s temos acompanhado no restante do mundo\u201d, afirmou Carlos Mois\u00e9s.<\/p>\n<p><a href=\"http:\/\/www.sc.gov.br\/noticias\/temas\/coronavirus\/coronavirus-em-sc-tire-suas-duvidas-sobre-as-medidas-restritivas-e-as-acoes-de-combate-e-prevencao-a-covid-19\" target=\"_blank\" rel=\"noopener\">&gt;&gt;&gt;&gt;Tire suas d\u00favidas sobre as medidas restritivas e as a\u00e7\u00f5es de combate e preven\u00e7\u00e3o \u00e0 Covid-19<\/a><\/p>\n<p>O secret\u00e1rio de Estado da Sa\u00fade, Helton de Souza Zeferino, afirmou que, com os 122 casos confirmados, j\u00e1 h\u00e1 uma base de dados mais consistente para an\u00e1lise. Segundo ele, os pacientes com a Covid-19 em Santa Catarina at\u00e9 o momento s\u00e3o 53% mulheres e 47% homens. \u201cIsso nos permite fazer uma an\u00e1lise mais apurada. J\u00e1 temos a estratifica\u00e7\u00e3o de g\u00eanero e, em breve, faremos tamb\u00e9m da idade. Assim como em outros pa\u00edses, temos a faixa et\u00e1ria dos idosos como a mais acometida, mas n\u00e3o somente eles que s\u00e3o infectados. Faremos ainda a estratifica\u00e7\u00e3o por regi\u00f5es do Estado, para fazer um mapa de calor. Todas as an\u00e1lises para efeito de epidemiologia est\u00e3o sendo realizadas para que n\u00f3s possamos planejar as a\u00e7\u00f5es que precisam ser adotadas a curto, m\u00e9dio e longo prazo\u201d, afirmou Zeferino.<\/p>\n<h3>Acompanhe as not\u00edcias sobre o novo coronav\u00edrus<\/h3>\n<p>As not\u00edcias sobre as medidas para conter a propaga\u00e7\u00e3o do novo coronav\u00edrus em Santa Catarina e os boletins atualizados com a situa\u00e7\u00e3o do Estado podem ser acessadas&nbsp;<a href=\"https:\/\/www.sc.gov.br\/index.php\" target=\"_blank\" rel=\"noopener\">no site sc.gov.br<\/a>&nbsp;ou&nbsp;<a href=\"https:\/\/www.coronavirus.sc.gov.br\/\" target=\"_blank\" rel=\"noopener\">www.coronavirus.sc.gov.br<\/a>. As atualiza\u00e7\u00f5es tamb\u00e9m podem ser acompanhadas por&nbsp;<a href=\"https:\/\/www.sc.gov.br\/youtube.com\/governosc\/\" target=\"_blank\" rel=\"noopener\">Youtube<\/a>,<a href=\"https:\/\/www.sc.gov.br\/bit.ly\/InstagramGovernoSC\" target=\"_blank\" rel=\"noopener\">&nbsp;Instagram<\/a>&nbsp;e&nbsp;<a href=\"https:\/\/www.facebook.com\/governosc\" target=\"_blank\" rel=\"noopener\">Facebook&nbsp;<\/a>do Governo do Estado.&nbsp;<\/p>","protected":false},"excerpt":{"rendered":"<p>Santa Catarina tem 122 casos confirmados do novo coronav\u00edrus, conforme boletim de atualiza\u00e7\u00e3o divulgado pelo governador Carlos Mois\u00e9s em coletiva de imprensa no fim da tarde desta quarta-feira, 25. H\u00e1 pacientes com diagn\u00f3stico positivo para a doen\u00e7a Covid-19 em todas as regi\u00f5es do estado. A partir desta quarta-feira, o governador informou que houve uma mudan\u00e7a [&hellip;]<\/p>\n","protected":false},"author":8,"featured_media":1380,"comment_status":"open","ping_status":"open","sticky":false,"template":"","format":"standard","meta":{"_monsterinsights_skip_tracking":false,"_monsterinsights_sitenote_active":false,"_monsterinsights_sitenote_note":"","_monsterinsights_sitenote_category":0,"footnotes":"","_wp_rev_ctl_limit":""},"categories":[1296],"tags":[],"publishpress_future_action":{"enabled":false,"date":"2026-05-03 16:39:49","action":"change-status","newStatus":"draft","terms":[],"taxonomy":"category"},"publishpress_future_workflow_manual_trigger":{"enabledWorkflows":[]},"_links":{"self":[{"href":"https:\/\/sap.sc.gov.br\/en\/wp-json\/wp\/v2\/posts\/1381"}],"collection":[{"href":"https:\/\/sap.sc.gov.br\/en\/wp-json\/wp\/v2\/posts"}],"about":[{"href":"https:\/\/sap.sc.gov.br\/en\/wp-json\/wp\/v2\/types\/post"}],"author":[{"embeddable":true,"href":"https:\/\/sap.sc.gov.br\/en\/wp-json\/wp\/v2\/users\/8"}],"replies":[{"embeddable":true,"href":"https:\/\/sap.sc.gov.br\/en\/wp-json\/wp\/v2\/comments?post=1381"}],"version-history":[{"count":0,"href":"https:\/\/sap.sc.gov.br\/en\/wp-json\/wp\/v2\/posts\/1381\/revisions"}],"wp:featuredmedia":[{"embeddable":true,"href":"https:\/\/sap.sc.gov.br\/en\/wp-json\/"}],"wp:attachment":[{"href":"https:\/\/sap.sc.gov.br\/en\/wp-json\/wp\/v2\/media?parent=1381"}],"wp:term":[{"taxonomy":"category","embeddable":true,"href":"https:\/\/sap.sc.gov.br\/en\/wp-json\/wp\/v2\/categories?post=1381"},{"taxonomy":"post_tag","embeddable":true,"href":"https:\/\/sap.sc.gov.br\/en\/wp-json\/wp\/v2\/tags?post=1381"}],"curies":[{"name":"wp","href":"https:\/\/api.w.org\/{rel}","templated":true}]}}