{"id":14922,"date":"2014-04-07T19:10:30","date_gmt":"2014-04-07T19:10:30","guid":{"rendered":"http:\/\/webpoliciapenal2023migra.intranet.ciasc.gov.br\/2014\/04\/07\/nota-oficial\/"},"modified":"2014-04-07T19:10:30","modified_gmt":"2014-04-07T19:10:30","slug":"nota-oficial-7","status":"publish","type":"post","link":"https:\/\/sap.sc.gov.br\/en\/nota-oficial-7\/","title":{"rendered":"Nota Oficial"},"content":{"rendered":"<p style=\"text-align: justify;\">O Governo do Estado de Santa Catarina, a Secretaria de Estado da Justi\u00e7a e Cidadania (SJC) e o Departamento de Administra\u00e7\u00e3o Prisional (Deap), devidamente representados pelo Secret\u00e1rio de Estado da Fazenda, Ant\u00f4nio Marcos Gavazzoni, pelo Secret\u00e1rio de Estado da Justi\u00e7a e Cidadania, Sady Beck Junior, pelo Diretor Administrativo Financeiro da SJC, Roberto Carlos Garcia e pelo Diretor do Deap, Leandro Antonio Soares Lima, reuniram-se na manh\u00e3 desta segunda-feira (07) com representantes do Sindicato dos Trabalhadores do Servi\u00e7o P\u00fablico Estadual de Santa Catarina (Sintespe) e comiss\u00e3o formada por agentes penitenci\u00e1rios catarinenses, a fim de encerrar definitivamente o movimento grevista.<\/p>\n<p style=\"text-align: justify;\">\n<p style=\"text-align: justify;\">Durante a reuni\u00e3o ficou estabelecida a forma\u00e7\u00e3o de uma comiss\u00e3o de estudo \u00e0s reivindica\u00e7\u00f5es, formada por representantes do Estado e da categoria, com cronograma de encontros j\u00e1 estabelecido. A Secretaria de Estado da Justi\u00e7a e Cidadania ir\u00e1, ainda, proceder a chamada dos 300 agentes penitenci\u00e1rios aprovados no \u00faltimo concurso e articular\u00e1 a imediata altera\u00e7\u00e3o da Lei n. 472\/09 em seu quadro de pessoal em mais 2.600 cargos de agentes penitenci\u00e1rios e 800 cargos de agentes socioeducativos.<\/p>\n<p style=\"text-align: justify;\">O Governo do Estado, dentro de suas atribui\u00e7\u00f5es e em respeito \u00e0s Leis e determina\u00e7\u00f5es judiciais, est\u00e1 empenhado em resolver definitivamente o impasse entre o movimento grevista e o Estado, trazendo \u00e0 normalidade o funcionamento de nossas unidades prisionais e, consequentemente, garantindo a habitual tranquilidade e seguran\u00e7a da sociedade catarinense.<\/p>","protected":false},"excerpt":{"rendered":"<p>O Governo do Estado de Santa Catarina, a Secretaria de Estado da Justi\u00e7a e Cidadania (SJC) e o Departamento de Administra\u00e7\u00e3o Prisional (Deap), devidamente representados pelo Secret\u00e1rio de Estado da Fazenda, Ant\u00f4nio Marcos Gavazzoni, pelo Secret\u00e1rio de Estado da Justi\u00e7a e Cidadania, Sady Beck Junior, pelo Diretor Administrativo Financeiro da SJC, Roberto Carlos Garcia e [&hellip;]<\/p>\n","protected":false},"author":8,"featured_media":716,"comment_status":"open","ping_status":"open","sticky":false,"template":"","format":"standard","meta":{"_monsterinsights_skip_tracking":false,"_monsterinsights_sitenote_active":false,"_monsterinsights_sitenote_note":"","_monsterinsights_sitenote_category":0,"footnotes":"","_wp_rev_ctl_limit":""},"categories":[1296],"tags":[],"publishpress_future_action":{"enabled":false,"date":"2026-05-03 11:07:55","action":"change-status","newStatus":"draft","terms":[],"taxonomy":"category"},"publishpress_future_workflow_manual_trigger":{"enabledWorkflows":[]},"_links":{"self":[{"href":"https:\/\/sap.sc.gov.br\/en\/wp-json\/wp\/v2\/posts\/14922"}],"collection":[{"href":"https:\/\/sap.sc.gov.br\/en\/wp-json\/wp\/v2\/posts"}],"about":[{"href":"https:\/\/sap.sc.gov.br\/en\/wp-json\/wp\/v2\/types\/post"}],"author":[{"embeddable":true,"href":"https:\/\/sap.sc.gov.br\/en\/wp-json\/wp\/v2\/users\/8"}],"replies":[{"embeddable":true,"href":"https:\/\/sap.sc.gov.br\/en\/wp-json\/wp\/v2\/comments?post=14922"}],"version-history":[{"count":0,"href":"https:\/\/sap.sc.gov.br\/en\/wp-json\/wp\/v2\/posts\/14922\/revisions"}],"wp:featuredmedia":[{"embeddable":true,"href":"https:\/\/sap.sc.gov.br\/en\/wp-json\/"}],"wp:attachment":[{"href":"https:\/\/sap.sc.gov.br\/en\/wp-json\/wp\/v2\/media?parent=14922"}],"wp:term":[{"taxonomy":"category","embeddable":true,"href":"https:\/\/sap.sc.gov.br\/en\/wp-json\/wp\/v2\/categories?post=14922"},{"taxonomy":"post_tag","embeddable":true,"href":"https:\/\/sap.sc.gov.br\/en\/wp-json\/wp\/v2\/tags?post=14922"}],"curies":[{"name":"wp","href":"https:\/\/api.w.org\/{rel}","templated":true}]}}