{"id":2563,"date":"2012-04-17T17:30:21","date_gmt":"2012-04-17T17:30:21","guid":{"rendered":"http:\/\/webdease2023.intranet.ciasc.gov.br\/2012\/04\/17\/coloquios-regionais-do-sinase-2\/"},"modified":"2012-04-17T17:30:21","modified_gmt":"2012-04-17T17:30:21","slug":"coloquios-regionais-do-sinase-2","status":"publish","type":"post","link":"https:\/\/sap.sc.gov.br\/en\/coloquios-regionais-do-sinase-2\/","title":{"rendered":"Col\u00f3quios Regionais do SINASE"},"content":{"rendered":"<p>&nbsp;&nbsp; Os pr\u00f3ximos Col\u00f3quios Regionais de divulga\u00e7\u00e3o da Lei n.\u00b0 12.594, que institui o SINASE, ser\u00e3o realizados nas cidades de Gaspar e Jaragu\u00e1 do Sul.<\/p>\n<p>&nbsp;&nbsp; As inscri\u00e7\u00f5es e a programa\u00e7\u00e3o destes eventos est\u00e3o dispon\u00edveis abaixo:<\/p>\n<table border=\"0\" style=\"width: 483px;\">\n<tbody>\n<tr>\n<td>&nbsp;Evento<\/td>\n<td>Cidade<\/td>\n<td>Data<\/td>\n<td>Inscri\u00e7\u00e3o<\/td>\n<\/tr>\n<tr>\n<td>\n<p>&nbsp;Col\u00f3quio Regional SINASE<\/p>\n<p>&nbsp;<\/p>\n<\/td>\n<td>\n<p>Gaspar<\/p>\n<p>&nbsp;<\/p>\n<\/td>\n<td>\n<p>&nbsp;23\/04\/2012<\/p>\n<p>&nbsp;<\/p>\n<\/td>\n<td>&nbsp;<a href=\"http:\/\/sistemas.sc.gov.br\/sjc\/acadejuc\/eventos\/inscricao.asp?evento=24\" target=\"_blank\" id=\"fm_file\" title=\"Inscri\u00e7\u00e3o\" rel=\"noopener\">Inscri\u00e7\u00e3o<\/a><\/td>\n<\/tr>\n<tr>\n<td>\n<p>&nbsp;Col\u00f3quio Regional SINASE<\/p>\n<p>&nbsp;<\/p>\n<\/td>\n<td>\n<p>Jaragu\u00e1 do Sul<\/p>\n<p>&nbsp;<\/p>\n<\/td>\n<td>\n<p>&nbsp;07\/05\/2012<\/p>\n<p>&nbsp;<\/p>\n<\/td>\n<td>\n<p>&nbsp; <a href=\"http:\/\/sistemas.sc.gov.br\/sjc\/acadejuc\/eventos\/inscricao.asp?evento=23\" target=\"_blank\" id=\"fm_file\" title=\"Inscri\u00e7\u00e3o\" rel=\"noopener\">Inscri\u00e7\u00e3o<\/a><\/p>\n<p align=\"center\">&nbsp;<\/p>\n<\/td>\n<\/tr>\n<\/tbody>\n<\/table>\n<p>&nbsp;<\/p>","protected":false},"excerpt":{"rendered":"<p>&nbsp;&nbsp; Os pr\u00f3ximos Col\u00f3quios Regionais de divulga\u00e7\u00e3o da Lei n.\u00b0 12.594, que institui o SINASE, ser\u00e3o realizados nas cidades de Gaspar e Jaragu\u00e1 do Sul. &nbsp;&nbsp; As inscri\u00e7\u00f5es e a programa\u00e7\u00e3o destes eventos est\u00e3o dispon\u00edveis abaixo: &nbsp;Evento Cidade Data Inscri\u00e7\u00e3o &nbsp;Col\u00f3quio Regional SINASE &nbsp; Gaspar &nbsp; &nbsp;23\/04\/2012 &nbsp; &nbsp;Inscri\u00e7\u00e3o &nbsp;Col\u00f3quio Regional SINASE &nbsp; Jaragu\u00e1 do [&hellip;]<\/p>\n","protected":false},"author":8,"featured_media":0,"comment_status":"open","ping_status":"open","sticky":false,"template":"","format":"standard","meta":{"_monsterinsights_skip_tracking":false,"_monsterinsights_sitenote_active":false,"_monsterinsights_sitenote_note":"","_monsterinsights_sitenote_category":0,"footnotes":"","_wp_rev_ctl_limit":""},"categories":[1318],"tags":[],"publishpress_future_action":{"enabled":false,"date":"2026-05-08 06:16:50","action":"change-status","newStatus":"draft","terms":[],"taxonomy":"category"},"publishpress_future_workflow_manual_trigger":{"enabledWorkflows":[]},"_links":{"self":[{"href":"https:\/\/sap.sc.gov.br\/en\/wp-json\/wp\/v2\/posts\/2563"}],"collection":[{"href":"https:\/\/sap.sc.gov.br\/en\/wp-json\/wp\/v2\/posts"}],"about":[{"href":"https:\/\/sap.sc.gov.br\/en\/wp-json\/wp\/v2\/types\/post"}],"author":[{"embeddable":true,"href":"https:\/\/sap.sc.gov.br\/en\/wp-json\/wp\/v2\/users\/8"}],"replies":[{"embeddable":true,"href":"https:\/\/sap.sc.gov.br\/en\/wp-json\/wp\/v2\/comments?post=2563"}],"version-history":[{"count":0,"href":"https:\/\/sap.sc.gov.br\/en\/wp-json\/wp\/v2\/posts\/2563\/revisions"}],"wp:attachment":[{"href":"https:\/\/sap.sc.gov.br\/en\/wp-json\/wp\/v2\/media?parent=2563"}],"wp:term":[{"taxonomy":"category","embeddable":true,"href":"https:\/\/sap.sc.gov.br\/en\/wp-json\/wp\/v2\/categories?post=2563"},{"taxonomy":"post_tag","embeddable":true,"href":"https:\/\/sap.sc.gov.br\/en\/wp-json\/wp\/v2\/tags?post=2563"}],"curies":[{"name":"wp","href":"https:\/\/api.w.org\/{rel}","templated":true}]}}