{"id":2598,"date":"2015-10-07T15:18:19","date_gmt":"2015-10-07T15:18:19","guid":{"rendered":"http:\/\/webdease2023.intranet.ciasc.gov.br\/2015\/10\/07\/formatura-do-curso-de-mecanica-de-motocicletas\/"},"modified":"2015-10-07T15:18:19","modified_gmt":"2015-10-07T15:18:19","slug":"formatura-do-curso-de-mecanica-de-motocicletas","status":"publish","type":"post","link":"https:\/\/sap.sc.gov.br\/en\/formatura-do-curso-de-mecanica-de-motocicletas\/","title":{"rendered":"Formatura do Curso de Mec\u00e2nica de Motocicletas"},"content":{"rendered":"<div>&nbsp;<\/div>\n<div align=\"justify\"><span style=\"font-size: 10pt; font-family: times new roman,times;\">Na data de 06\/10\/2015 ocorreu, no CASE Grande Florian\u00f3polis, a Formatura de 7 adolescentes no curso de Mec\u00e2nica de Motocicletas, realizado em parceria com o FIESC\/SENAI.&nbsp;<\/span><span style=\"font-size: 10pt;\"> <\/span><\/div>\n<p>&nbsp;<\/p>\n<div><span style=\"font-size: 10pt;\"><br \/> <\/span><\/div>\n<p>&nbsp;<\/p>\n<div>\n<div style=\"text-align: center;\"><span style=\"font-size: 10pt;\"><\/span><\/div>\n<\/div>\n<p>&nbsp;<\/p>\n<div><span style=\"font-size: 10pt;\"><br \/> <\/span><\/div>\n<p>&nbsp;<\/p>\n<div>&nbsp;<\/div>\n<p>&nbsp;<\/p>\n<div><span style=\"font-size: 10pt;\"> <\/span><\/p>\n<div align=\"justify\"><span style=\"font-size: 10pt;\"> <br \/> <span style=\"font-size: 8pt;\">Na solenidade estavam presentes o Diretor do Departamento de Administra\u00e7\u00e3o Socioeducativa, Sr. Roberto Augusto Carvalho Lajus, o Gerente do CASE, Filipe Minelli, o Desembargador Dr. S\u00e9rgio Izidoro Heil, a Ju\u00edza da Vara da Inf\u00e2ncia e Juventude da Comarca de S\u00e3o Jos\u00e9, Dra. Ana Cristina Borba Alves, o Promotor de Justi\u00e7a Gilberto Polli, representando o Diretor da FIESC, Sr. Marcos Hollerweger, al\u00e9m dos servidores do CASE.<br \/> Mais fotos em nossa <a href=\"index.php?option=com_zoom&amp;Itemid=26\" target=\"_blank\" id=\"fm_file\" title=\"Galeria.\" rel=\"noopener\">Galeria.<\/a><\/span><\/span><\/div>\n<div>&nbsp;<\/div>\n<\/div>","protected":false},"excerpt":{"rendered":"<p>&nbsp; Na data de 06\/10\/2015 ocorreu, no CASE Grande Florian\u00f3polis, a Formatura de 7 adolescentes no curso de Mec\u00e2nica de Motocicletas, realizado em parceria com o FIESC\/SENAI.&nbsp; &nbsp; &nbsp; &nbsp; &nbsp; &nbsp; &nbsp; Na solenidade estavam presentes o Diretor do Departamento de Administra\u00e7\u00e3o Socioeducativa, Sr. Roberto Augusto Carvalho Lajus, o Gerente do CASE, Filipe Minelli, [&hellip;]<\/p>\n","protected":false},"author":8,"featured_media":66,"comment_status":"open","ping_status":"open","sticky":false,"template":"","format":"standard","meta":{"_monsterinsights_skip_tracking":false,"_monsterinsights_sitenote_active":false,"_monsterinsights_sitenote_note":"","_monsterinsights_sitenote_category":0,"footnotes":"","_wp_rev_ctl_limit":""},"categories":[1318],"tags":[],"publishpress_future_action":{"enabled":false,"date":"2026-05-08 04:03:23","action":"change-status","newStatus":"draft","terms":[],"taxonomy":"category"},"publishpress_future_workflow_manual_trigger":{"enabledWorkflows":[]},"_links":{"self":[{"href":"https:\/\/sap.sc.gov.br\/en\/wp-json\/wp\/v2\/posts\/2598"}],"collection":[{"href":"https:\/\/sap.sc.gov.br\/en\/wp-json\/wp\/v2\/posts"}],"about":[{"href":"https:\/\/sap.sc.gov.br\/en\/wp-json\/wp\/v2\/types\/post"}],"author":[{"embeddable":true,"href":"https:\/\/sap.sc.gov.br\/en\/wp-json\/wp\/v2\/users\/8"}],"replies":[{"embeddable":true,"href":"https:\/\/sap.sc.gov.br\/en\/wp-json\/wp\/v2\/comments?post=2598"}],"version-history":[{"count":0,"href":"https:\/\/sap.sc.gov.br\/en\/wp-json\/wp\/v2\/posts\/2598\/revisions"}],"wp:featuredmedia":[{"embeddable":true,"href":"https:\/\/sap.sc.gov.br\/en\/wp-json\/"}],"wp:attachment":[{"href":"https:\/\/sap.sc.gov.br\/en\/wp-json\/wp\/v2\/media?parent=2598"}],"wp:term":[{"taxonomy":"category","embeddable":true,"href":"https:\/\/sap.sc.gov.br\/en\/wp-json\/wp\/v2\/categories?post=2598"},{"taxonomy":"post_tag","embeddable":true,"href":"https:\/\/sap.sc.gov.br\/en\/wp-json\/wp\/v2\/tags?post=2598"}],"curies":[{"name":"wp","href":"https:\/\/api.w.org\/{rel}","templated":true}]}}