{"id":458,"date":"2010-12-21T00:00:40","date_gmt":"2010-12-21T02:00:40","guid":{"rendered":"http:\/\/webdease2023.intranet.ciasc.gov.br\/2010\/12\/21\/visita-de-rotina-a-penitenciaria-da-capital\/"},"modified":"2023-07-13T17:52:03","modified_gmt":"2023-07-13T20:52:03","slug":"visita-de-rotina-a-penitenciaria-da-capital","status":"publish","type":"post","link":"https:\/\/sap.sc.gov.br\/en\/visita-de-rotina-a-penitenciaria-da-capital\/","title":{"rendered":"Visita de rotina \u00e0 Penitenci\u00e1ria da Capital"},"content":{"rendered":"<p style=\"text-align: justify;\">O Diretor do DEAP, Sr. Ad\u00e9rcio Jos\u00e9 Velter realizou no dia 08\/12\/2010, visita de rotina \u00e0 Penitenci\u00e1ria da Capital, onde acompanhado do Diretor da Unidade Prisional, Sr. Joaquim Walmor de Oliveira e do Chefe de Seguran\u00e7a, Sr. Euclides da Silva, conheceu a oficina de trabalho onde s\u00e3o confeccionadas pelos detentos bolas de Futebol e de Basquete. O trabalho \u00e9 fruto de um conv\u00eanio firmado entre a SSP\/SJC atrav\u00e9s do DEAP e o Governo Federal atrav\u00e9s do Minist\u00e9rio do Esporte. \u201cAl\u00e9m de beneficiar os apenados com a remi\u00e7\u00e3o, onde cada dia trabalhado diminui um dia de suas penas, eles podem ajudar suas fam\u00edlias, pois todos recebem pelo trabalho realizado\u201d, explica o Diretor da Penitenci\u00e1ria. O Sr. Joaquim apresentou tamb\u00e9m a reforma na Ala das Celas de Containers (COT) e as mudan\u00e7as feitas no Setor Jur\u00eddico que beneficiam os trabalhos e o atendimento aos detentos, advogados e familiares. No final da visita o Diretor do DEAP, parabenizou o Diretor da Penitenci\u00e1ria e demais servidores da unidade, pelo excelente trabalho que est\u00e3o realizando.<\/p>","protected":false},"excerpt":{"rendered":"<p>O Diretor do DEAP, Sr. Ad\u00e9rcio Jos\u00e9 Velter realizou no dia 08\/12\/2010, visita de rotina \u00e0 Penitenci\u00e1ria da Capital, onde acompanhado do Diretor da Unidade Prisional, Sr. Joaquim Walmor de Oliveira e do Chefe de Seguran\u00e7a, Sr. Euclides da Silva, conheceu a oficina de trabalho onde s\u00e3o confeccionadas pelos detentos bolas de Futebol e de [&hellip;]<\/p>\n","protected":false},"author":6,"featured_media":14165,"comment_status":"open","ping_status":"open","sticky":false,"template":"","format":"standard","meta":{"_monsterinsights_skip_tracking":false,"_monsterinsights_sitenote_active":false,"_monsterinsights_sitenote_note":"","_monsterinsights_sitenote_category":0,"footnotes":"","_wp_rev_ctl_limit":""},"categories":[1296],"tags":[],"publishpress_future_action":{"enabled":false,"date":"2026-05-03 03:11:04","action":"change-status","newStatus":"draft","terms":[],"taxonomy":"category"},"publishpress_future_workflow_manual_trigger":{"enabledWorkflows":[]},"_links":{"self":[{"href":"https:\/\/sap.sc.gov.br\/en\/wp-json\/wp\/v2\/posts\/458"}],"collection":[{"href":"https:\/\/sap.sc.gov.br\/en\/wp-json\/wp\/v2\/posts"}],"about":[{"href":"https:\/\/sap.sc.gov.br\/en\/wp-json\/wp\/v2\/types\/post"}],"author":[{"embeddable":true,"href":"https:\/\/sap.sc.gov.br\/en\/wp-json\/wp\/v2\/users\/6"}],"replies":[{"embeddable":true,"href":"https:\/\/sap.sc.gov.br\/en\/wp-json\/wp\/v2\/comments?post=458"}],"version-history":[{"count":0,"href":"https:\/\/sap.sc.gov.br\/en\/wp-json\/wp\/v2\/posts\/458\/revisions"}],"wp:featuredmedia":[{"embeddable":true,"href":"https:\/\/sap.sc.gov.br\/en\/wp-json\/wp\/v2\/media\/14165"}],"wp:attachment":[{"href":"https:\/\/sap.sc.gov.br\/en\/wp-json\/wp\/v2\/media?parent=458"}],"wp:term":[{"taxonomy":"category","embeddable":true,"href":"https:\/\/sap.sc.gov.br\/en\/wp-json\/wp\/v2\/categories?post=458"},{"taxonomy":"post_tag","embeddable":true,"href":"https:\/\/sap.sc.gov.br\/en\/wp-json\/wp\/v2\/tags?post=458"}],"curies":[{"name":"wp","href":"https:\/\/api.w.org\/{rel}","templated":true}]}}