{"id":547,"date":"2010-06-21T17:22:30","date_gmt":"2010-06-21T20:22:30","guid":{"rendered":"http:\/\/webdease2023.intranet.ciasc.gov.br\/2010\/06\/21\/governador-assina-pacote-de-medidas-para-area-da-seguranca-publica\/"},"modified":"2023-07-13T17:52:13","modified_gmt":"2023-07-13T20:52:13","slug":"governador-assina-pacote-de-medidas-para-area-da-seguranca-publica","status":"publish","type":"post","link":"https:\/\/sap.sc.gov.br\/en\/governador-assina-pacote-de-medidas-para-area-da-seguranca-publica\/","title":{"rendered":"Governador assina pacote de medidas para \u00e1rea da Seguran\u00e7a P\u00fablica"},"content":{"rendered":"<p style=\"text-align: justify;\">O governador Leonel Pavan apresentou, na segunda-feira (21), um pacote de medidas para atender a popula\u00e7\u00e3o catarinense na \u00e1rea de Seguran\u00e7a P\u00fablica e Defesa do Cidad\u00e3o. Na oportunidade, anunciou a abertura de concurso p\u00fablico de ingresso \u00e0s pol\u00edcias Civil e Militar. Os an\u00fancios aconteceram logo ap\u00f3s a aula inaugural do curso de forma\u00e7\u00e3o e capacita\u00e7\u00e3o profissional dos Escriv\u00e3es de Pol\u00edcia, quando o governador assinou uma s\u00e9rie de atos em benef\u00edcio do sistema de Seguran\u00e7a P\u00fablica. \u201cEstas medidas n\u00e3o est\u00e3o sendo tomadas para resolver quest\u00f5es imediatas. S\u00e3o atos pensados, decis\u00f5es feitas com planejamento e com resultados de m\u00e9dio e longo prazos. \u00c9 para isso que estamos fazendo concurso e vamos chamar os aprovados ao longos dos pr\u00f3ximos anos\u201d, diz o governador. Para o secret\u00e1rio da Seguran\u00e7a P\u00fablica e Defesa do Cidad\u00e3o, Andr\u00e9 Luis Mendes da Silveira, as medidas anunciadas demonstram que o governo est\u00e1 tratando a Seguran\u00e7a P\u00fablica como prioridade. Ele destacou que a abertura de concurso p\u00fablico e a constru\u00e7\u00e3o de novas unidades prisionais v\u00e3o proporcionar uma melhora nos servi\u00e7os policiais, e minimizar o problema de superlota\u00e7\u00e3o em pres\u00eddios e penitenci\u00e1rias. Pavan ministrou a aula inaugural no audit\u00f3rio da Academia da Pol\u00edcia Civil, em Canasvieiras, a partir das 9h10. No total s\u00e3o 75 escriv\u00e3es que participam do curso preparat\u00f3rio de forma\u00e7\u00e3o profissional. Todos s\u00e3o remanescentes do concurso p\u00fablico de ingresso \u00e0 Pol\u00edcia Civil de 2008. O ato de nomea\u00e7\u00e3o, de n\u00famero 809, de 23 de abril, foi publicado no Di\u00e1rio Oficial do dia 10 de maio \u00faltimo. Entre as medidas est\u00e1 previsto o investimento de pelo menos R$ 45 milh\u00f5es em recursos do Governo do Estado no sistema prisional catarinense. Entre as obras anunciadas est\u00e1 a constru\u00e7\u00e3o do pres\u00eddio de Itaja\u00ed, com R$ 14,5 milh\u00f5es; a constru\u00e7\u00e3o da Central de Triagem da Grande Florian\u00f3polis, estimada em R$ 6 milh\u00f5es; al\u00e9m de R$ 24 milh\u00f5es investidos na compra de viaturas e equipamentos para o Departamento de Administra\u00e7\u00e3o Prisional. Confira abaixo as novas medidas para a Seguran\u00e7a P\u00fablica &#8211; Autoriza\u00e7\u00e3o de concurso p\u00fablico de ingresso \u00e0 pol\u00edcia Militar e Civil. No total ser\u00e3o abertas 2,6 mil vagas assim distribu\u00eddas: Pol\u00edcia Militar: 1.860 pra\u00e7as e 140 oficiais; Pol\u00edcia Civil: 600 policiais. Atrav\u00e9s de um planejamento estrat\u00e9gico, a ideia \u00e9 criar um quadro de reserva de agentes de seguran\u00e7a para ser nomeado no quadri\u00eanio 2011-2014; &#8211; Ato encaminhando ao Poder Legislativo a Lei Org\u00e2nica do Corpo de Bombeiros Militar e a Lei que fixa o efetivo da Corpora\u00e7\u00e3o; &#8211; Assinatura do decreto de Situa\u00e7\u00e3o de Emerg\u00eancia para o Departamento de Administra\u00e7\u00e3o Prisional (Deap), permitindo as seguintes constru\u00e7\u00f5es em locais espec\u00edficos: Pres\u00eddio de Itaja\u00ed com capacidade para 350 vagas, num investimento de R$ 14,5 milh\u00f5es; Constru\u00e7\u00e3o do semiaberto do Pres\u00eddio de Itaja\u00ed com 120 vagas; Constru\u00e7\u00e3o do semiaberto de Tubar\u00e3o com 120 vagas; e amplia\u00e7\u00e3o do Pres\u00eddio de Blumenau com mais 100 vagas. &#8211; Constru\u00e7\u00e3o do Central de Triagem da Grande Florian\u00f3polis com capacidade para 200 presos provis\u00f3rios; &#8211; Encaminhamento da lei que cria o Fumpo \u2013 Fundo de Melhoria da Per\u00edcia Oficial, vinculado ao Instituto Geral de Per\u00edcias, o IGP; &#8211; Autoriza\u00e7\u00e3o para a promo\u00e7\u00e3o nas carreiras de Delegado de Pol\u00edcia e Agente de Pol\u00edcia; &#8211; Aquisi\u00e7\u00e3o de viaturas e computadores para o Deap, num investimento de R$ 24 milh\u00f5es. Informa\u00e7\u00f5es adicionais: Jornalista Jo\u00e3o Carlos Mendon\u00e7a Santos, telefones (48) 3251.11.16\/ 8843-7615, <a href=\"mailto:imprensa@ssp.sc.gov.br\">imprensa@ssp.sc.gov.br<\/a> Secretaria de Estado de Seguran\u00e7a P\u00fablica<\/p>","protected":false},"excerpt":{"rendered":"<p>O governador Leonel Pavan apresentou, na segunda-feira (21), um pacote de medidas para atender a popula\u00e7\u00e3o catarinense na \u00e1rea de Seguran\u00e7a P\u00fablica e Defesa do Cidad\u00e3o. Na oportunidade, anunciou a abertura de concurso p\u00fablico de ingresso \u00e0s pol\u00edcias Civil e Militar. Os an\u00fancios aconteceram logo ap\u00f3s a aula inaugural do curso de forma\u00e7\u00e3o e capacita\u00e7\u00e3o [&hellip;]<\/p>\n","protected":false},"author":6,"featured_media":0,"comment_status":"open","ping_status":"open","sticky":false,"template":"","format":"standard","meta":{"_monsterinsights_skip_tracking":false,"_monsterinsights_sitenote_active":false,"_monsterinsights_sitenote_note":"","_monsterinsights_sitenote_category":0,"footnotes":"","_wp_rev_ctl_limit":""},"categories":[1296],"tags":[],"publishpress_future_action":{"enabled":false,"date":"2026-05-03 01:54:46","action":"change-status","newStatus":"draft","terms":[],"taxonomy":"category"},"publishpress_future_workflow_manual_trigger":{"enabledWorkflows":[]},"_links":{"self":[{"href":"https:\/\/sap.sc.gov.br\/en\/wp-json\/wp\/v2\/posts\/547"}],"collection":[{"href":"https:\/\/sap.sc.gov.br\/en\/wp-json\/wp\/v2\/posts"}],"about":[{"href":"https:\/\/sap.sc.gov.br\/en\/wp-json\/wp\/v2\/types\/post"}],"author":[{"embeddable":true,"href":"https:\/\/sap.sc.gov.br\/en\/wp-json\/wp\/v2\/users\/6"}],"replies":[{"embeddable":true,"href":"https:\/\/sap.sc.gov.br\/en\/wp-json\/wp\/v2\/comments?post=547"}],"version-history":[{"count":0,"href":"https:\/\/sap.sc.gov.br\/en\/wp-json\/wp\/v2\/posts\/547\/revisions"}],"wp:attachment":[{"href":"https:\/\/sap.sc.gov.br\/en\/wp-json\/wp\/v2\/media?parent=547"}],"wp:term":[{"taxonomy":"category","embeddable":true,"href":"https:\/\/sap.sc.gov.br\/en\/wp-json\/wp\/v2\/categories?post=547"},{"taxonomy":"post_tag","embeddable":true,"href":"https:\/\/sap.sc.gov.br\/en\/wp-json\/wp\/v2\/tags?post=547"}],"curies":[{"name":"wp","href":"https:\/\/api.w.org\/{rel}","templated":true}]}}