{"id":815,"date":"2014-10-05T20:36:40","date_gmt":"2014-10-05T23:36:40","guid":{"rendered":"http:\/\/webdease2023.intranet.ciasc.gov.br\/2014\/10\/05\/nota-informativa-obito-marcos-pereira-da-silva\/"},"modified":"2023-07-13T17:53:02","modified_gmt":"2023-07-13T20:53:02","slug":"nota-informativa-obito-marcos-pereira-da-silva","status":"publish","type":"post","link":"https:\/\/sap.sc.gov.br\/en\/nota-informativa-obito-marcos-pereira-da-silva\/","title":{"rendered":"Nota informativa &#8211; \u00f3bito &#8211; Marcio Pereira da Silva"},"content":{"rendered":"<p>O Departamento de Administra\u00e7\u00e3o Prisional (Deap) informa que na tarde deste domingo (5), o preso MARCIO PEREIRA DA SILVA, de 28 anos, foi encontrado morto em uma cela do Complexo Penitenci\u00e1rio do Estado, em S\u00e3o Pedro de Alc\u00e2ntara, com ind\u00edcios de suic\u00eddio por enforcamento. Marcio, era natural de Urubici\/SC e cumpria pena por estupro.<\/p>\n<p>Ele estava em uma cela do Pavilh\u00e3o 1 da Penitenci\u00e1ria, onde ficam os presos de menor periculosidade. O Complexo Penitenci\u00e1rio do Estado manteve sua rotina de tranquilidade durante todo o dia e a morte ocorrida n\u00e3o guarda quaisquer liga\u00e7\u00f5es com os eventos ocorridos no Estado.&nbsp;<\/p>\n<p>Todas as medidas legais, periciais, correcionais e de assist\u00eancia social foram tomadas.<\/p>","protected":false},"excerpt":{"rendered":"<p>O Departamento de Administra\u00e7\u00e3o Prisional (Deap) informa que na tarde deste domingo (5), o preso MARCIO PEREIRA DA SILVA, de 28 anos, foi encontrado morto em uma cela do Complexo Penitenci\u00e1rio do Estado, em S\u00e3o Pedro de Alc\u00e2ntara, com ind\u00edcios de suic\u00eddio por enforcamento. Marcio, era natural de Urubici\/SC e cumpria pena por estupro. Ele [&hellip;]<\/p>\n","protected":false},"author":6,"featured_media":0,"comment_status":"open","ping_status":"open","sticky":false,"template":"","format":"standard","meta":{"_monsterinsights_skip_tracking":false,"_monsterinsights_sitenote_active":false,"_monsterinsights_sitenote_note":"","_monsterinsights_sitenote_category":0,"footnotes":"","_wp_rev_ctl_limit":""},"categories":[1296],"tags":[],"publishpress_future_action":{"enabled":false,"date":"2026-05-03 11:07:17","action":"change-status","newStatus":"draft","terms":[],"taxonomy":"category"},"publishpress_future_workflow_manual_trigger":{"enabledWorkflows":[]},"_links":{"self":[{"href":"https:\/\/sap.sc.gov.br\/en\/wp-json\/wp\/v2\/posts\/815"}],"collection":[{"href":"https:\/\/sap.sc.gov.br\/en\/wp-json\/wp\/v2\/posts"}],"about":[{"href":"https:\/\/sap.sc.gov.br\/en\/wp-json\/wp\/v2\/types\/post"}],"author":[{"embeddable":true,"href":"https:\/\/sap.sc.gov.br\/en\/wp-json\/wp\/v2\/users\/6"}],"replies":[{"embeddable":true,"href":"https:\/\/sap.sc.gov.br\/en\/wp-json\/wp\/v2\/comments?post=815"}],"version-history":[{"count":0,"href":"https:\/\/sap.sc.gov.br\/en\/wp-json\/wp\/v2\/posts\/815\/revisions"}],"wp:attachment":[{"href":"https:\/\/sap.sc.gov.br\/en\/wp-json\/wp\/v2\/media?parent=815"}],"wp:term":[{"taxonomy":"category","embeddable":true,"href":"https:\/\/sap.sc.gov.br\/en\/wp-json\/wp\/v2\/categories?post=815"},{"taxonomy":"post_tag","embeddable":true,"href":"https:\/\/sap.sc.gov.br\/en\/wp-json\/wp\/v2\/tags?post=815"}],"curies":[{"name":"wp","href":"https:\/\/api.w.org\/{rel}","templated":true}]}}