{"id":825,"date":"2014-10-16T20:10:07","date_gmt":"2014-10-16T23:10:07","guid":{"rendered":"http:\/\/webdease2023.intranet.ciasc.gov.br\/2014\/10\/16\/santa-catarina-ganha-242-novos-agentes-penitenciarios\/"},"modified":"2023-07-13T17:53:03","modified_gmt":"2023-07-13T20:53:03","slug":"santa-catarina-ganha-242-novos-agentes-penitenciarios","status":"publish","type":"post","link":"https:\/\/sap.sc.gov.br\/en\/santa-catarina-ganha-242-novos-agentes-penitenciarios\/","title":{"rendered":"Santa Catarina ganha 242 novos agentes penitenci\u00e1rios"},"content":{"rendered":"<p>Foi realizada na manh\u00e3 desta quinta-feira, 16, em Florian\u00f3polis, a cerim\u00f4nia da formatura de 242 agentes penitenci\u00e1rios de Santa Catarina. Participaram do ato, entre outras autoridades, o secret\u00e1rio de Estado da Justi\u00e7a e Cidadania, Sady Beck Junior, e o diretor do Departamento de Administra\u00e7\u00e3o Prisional (Deap), Leandro Antonio Soares Lima.<\/p>\n<p>&#8220;S\u00e3o 242 novos agentes, um n\u00famero significativo que refor\u00e7a n\u00e3o s\u00f3 a quantidade, mas tamb\u00e9m a qualidade do servi\u00e7o de administra\u00e7\u00e3o prisional e, principalmente, do processo de ressocializa\u00e7\u00e3o dos apenados que cumprem pena nas unidades catarinenses&#8221;, afirmou o secret\u00e1rio Sady Beck Junior.<\/p>\n<p>Os agentes passaram por curso com 390 horas\/aulas, na Academia da Pol\u00edcia Rodovi\u00e1ria Federal (PRF\/SC) e na Academia da Justi\u00e7a e Cidadania (Acadejuc), recebendo treinamento em \u00e1reas como armamento e tiro, defesa pessoal, rotinas administrativas, media\u00e7\u00e3o de conflitos, criminologia e direitos humanos. Foram cerca de 90 dias de treinamento, em turno integral, inclusive com atividades pr\u00e1ticas dentro das unidades prisionais. &#8220;Temos certeza de que estes profissionais saem plenamente qualificados para o servi\u00e7o&#8221;, destacou o secret\u00e1rio Sady.<\/p>\n<p>Todos os profissionais t\u00eam curso superior e foram aprovados em concurso p\u00fablico realizado em 2013, passando por rigoroso exame de sele\u00e7\u00e3o, incluindo teste psicol\u00f3gico, investiga\u00e7\u00e3o social e exame toxicol\u00f3gico. Tamb\u00e9m participaram da cerim\u00f4nia de formatura representantes da Academia Nacional da Pol\u00edcia Rodovi\u00e1ria Federal e da Acadejuc e a deputada estadual Ada de Lucca.<\/p>\n<p>Santa Catarina conta hoje com 48 unidades prisionais e, com o grupo formado nesta quinta, passa ter um efetivo de cerca de 2 mil agentes penitenci\u00e1rios. Ap\u00f3s a formatura, os novos agentes passam pelo processo de escolha de vagas nesta sexta-feira, 17, e j\u00e1 podem se apresentar nas respectivas unidades a partir da pr\u00f3xima segunda-feira, 20. O diretor do Deap, Leandro Lima, lembra que o grupo ser\u00e1 distribu\u00eddo por todas as regi\u00f5es catarinenses, com maior efetivo na Grande Florian\u00f3polis e regi\u00e3o litor\u00e2nea, que apresenta maior demanda dentro da propor\u00e7\u00e3o de agentes prisionais\/popula\u00e7\u00e3o carcer\u00e1ria.<\/p>\n<p><img decoding=\"async\" class=\"size-full wp-image-823\" src=\"https:\/\/www.sap.sc.gov.br\/wp-content\/uploads\/2014\/10\/formatura02-d1a-1.jpg\" alt=\"formatura02\" \/>&#8220;\u00c9 um passo muito importante para o Governo do Estado. Esse novo grupo recebeu um excelente treinamento e, ao iniciarem as atividades, tamb\u00e9m passar\u00e3o por uma troca de experi\u00eancia com os profissionais com mais tempo de casa. De uma maneira muito concreta, vamos melhorar ainda mais os \u00edndices do setor em Santa Catarina, que j\u00e1 s\u00e3o reconhecidos como os melhores do pa\u00eds&#8221;, acrescentou Lima.<\/p>\n<p>Entre os 242 novos agentes, est\u00e3o 23 mulheres. A florianopolitana S\u00edlvia Cantarino, 32 anos, formada em Direito, \u00e9 uma delas. &#8220;Meu trabalho de conclus\u00e3o de curso na faculdade foi sobre a ressocializa\u00e7\u00e3o dos presos na sociedade. Agora quero contribuir colocando o que eu aprendi em pr\u00e1tica por meio de um trabalho em equipe com os profissionais do sistema catarinense&#8221;, afirmou.<\/p>\n<p style=\"margin-bottom: 0.0001pt;\"><strong>Distribui\u00e7\u00e3o dos novos agentes por regi\u00e3o:<\/strong><\/p>\n<p style=\"margin-bottom: 0.0001pt;\">Grande Florian\u00f3polis &#8211; 92<\/p>\n<p style=\"margin-bottom: 0.0001pt;\">Norte &#8211; 47<\/p>\n<p style=\"margin-bottom: 0.0001pt;\">Sul &#8211; 44<\/p>\n<p style=\"margin-bottom: 0.0001pt;\">Vale do Itaja\u00ed &#8211; 30<\/p>\n<p style=\"margin-bottom: 0.0001pt;\">Serra, Oeste e Meio-Oeste &#8211; 29<\/p>\n<p style=\"margin-bottom: 0.0001pt;\"><strong>Total <\/strong>&#8211; 242<\/p>\n<p style=\"margin-bottom: 0.0001pt;\">&nbsp;<\/p>\n<p style=\"margin-bottom: 0.0001pt;\"><strong>Reportagem:<\/strong> Alexandre Lenzi<\/p>\n<p style=\"margin-bottom: 0.0001pt;\"><strong>Fotografia:<\/strong> Jaqueline Noceti\/Secom<\/p>\n<p>&nbsp;<\/p>\n<p><span style=\"font-family: Titillium, sans-serif; font-size: 14px; line-height: 17.2800006866455px;\"><\/span><\/p>","protected":false},"excerpt":{"rendered":"<p>Foi realizada na manh\u00e3 desta quinta-feira, 16, em Florian\u00f3polis, a cerim\u00f4nia da formatura de 242 agentes penitenci\u00e1rios de Santa Catarina. Participaram do ato, entre outras autoridades, o secret\u00e1rio de Estado da Justi\u00e7a e Cidadania, Sady Beck Junior, e o diretor do Departamento de Administra\u00e7\u00e3o Prisional (Deap), Leandro Antonio Soares Lima. &#8220;S\u00e3o 242 novos agentes, um [&hellip;]<\/p>\n","protected":false},"author":6,"featured_media":14523,"comment_status":"open","ping_status":"open","sticky":false,"template":"","format":"standard","meta":{"_monsterinsights_skip_tracking":false,"_monsterinsights_sitenote_active":false,"_monsterinsights_sitenote_note":"","_monsterinsights_sitenote_category":0,"footnotes":"","_wp_rev_ctl_limit":""},"categories":[1296],"tags":[],"publishpress_future_action":{"enabled":false,"date":"2026-05-03 11:07:16","action":"change-status","newStatus":"draft","terms":[],"taxonomy":"category"},"publishpress_future_workflow_manual_trigger":{"enabledWorkflows":[]},"_links":{"self":[{"href":"https:\/\/sap.sc.gov.br\/en\/wp-json\/wp\/v2\/posts\/825"}],"collection":[{"href":"https:\/\/sap.sc.gov.br\/en\/wp-json\/wp\/v2\/posts"}],"about":[{"href":"https:\/\/sap.sc.gov.br\/en\/wp-json\/wp\/v2\/types\/post"}],"author":[{"embeddable":true,"href":"https:\/\/sap.sc.gov.br\/en\/wp-json\/wp\/v2\/users\/6"}],"replies":[{"embeddable":true,"href":"https:\/\/sap.sc.gov.br\/en\/wp-json\/wp\/v2\/comments?post=825"}],"version-history":[{"count":0,"href":"https:\/\/sap.sc.gov.br\/en\/wp-json\/wp\/v2\/posts\/825\/revisions"}],"wp:featuredmedia":[{"embeddable":true,"href":"https:\/\/sap.sc.gov.br\/en\/wp-json\/wp\/v2\/media\/14523"}],"wp:attachment":[{"href":"https:\/\/sap.sc.gov.br\/en\/wp-json\/wp\/v2\/media?parent=825"}],"wp:term":[{"taxonomy":"category","embeddable":true,"href":"https:\/\/sap.sc.gov.br\/en\/wp-json\/wp\/v2\/categories?post=825"},{"taxonomy":"post_tag","embeddable":true,"href":"https:\/\/sap.sc.gov.br\/en\/wp-json\/wp\/v2\/tags?post=825"}],"curies":[{"name":"wp","href":"https:\/\/api.w.org\/{rel}","templated":true}]}}