{"id":837,"date":"2014-11-11T21:26:13","date_gmt":"2014-11-11T23:26:13","guid":{"rendered":"http:\/\/webdease2023.intranet.ciasc.gov.br\/2014\/11\/11\/deap-e-operadoras-de-telefonia-movel-firmam-compromisso\/"},"modified":"2023-07-13T17:53:05","modified_gmt":"2023-07-13T20:53:05","slug":"deap-e-operadoras-de-telefonia-movel-firmam-compromisso","status":"publish","type":"post","link":"https:\/\/sap.sc.gov.br\/en\/deap-e-operadoras-de-telefonia-movel-firmam-compromisso\/","title":{"rendered":"Deap e operadoras de telefonia m\u00f3vel firmam compromisso"},"content":{"rendered":"<p>Na tarde desta ter\u00e7a-feira (11) representantes das operadoras de telefonia m\u00f3vel estiveram reunidos com os dirigentes e servidores do Departamento de Administra\u00e7\u00e3o Prisional (Deap) para discutir a aplica\u00e7\u00e3o da Lei Estadual n\u00ba 15.829\/2012, que prev\u00ea o bloqueio do sinal de telefonia celular nas unidades prisionais do estado, por parte das Operadoras. Estiveram presentes representantes e t\u00e9cnicos das empresas Oi, Nextel, Claro e Tim. A Vivo n\u00e3o enviou nenhum representante.<\/p>\n<p><img decoding=\"async\" class=\"size-full wp-image-835\" src=\"https:\/\/www.sap.sc.gov.br\/wp-content\/uploads\/2014\/11\/operadoras_02-254-1.jpg\" alt=\"operadoras 02\" \/>Durante a reuni\u00e3o o Diretor do Deap, Leandro Antonio Soares Lima, realizou uma breve apresenta\u00e7\u00e3o do sistema prisional catarinense e citou a import\u00e2ncia do cumprimento da Lei, enquanto uma medida de seguran\u00e7a p\u00fablica. Os representantes e t\u00e9cnicos das empresas tamb\u00e9m puderam conhecer o Centro de A\u00e7\u00f5es Penitenci\u00e1rias, onde analisaram as imagens a\u00e9reas das unidades prisionais e tiraram d\u00favidas t\u00e9cnicas sobre a poss\u00edvel implanta\u00e7\u00e3o do sistema de bloqueio.<\/p>\n<p>Ap\u00f3s duas horas de reuni\u00e3o, foi compromissado atrav\u00e9s de uma ata oficial um cronograma de a\u00e7\u00f5es com prazos pr\u00e9-definidos. As empresas solicitaram o apoio ao Departamento no sentido de colaborar na elabora\u00e7\u00e3o de or\u00e7amentos e projetos t\u00e9cnicos para a instala\u00e7\u00e3o dos sistemas de bloqueio, a fim de facilitar a aquisi\u00e7\u00e3o do servi\u00e7o. O pedido foi acatado e as empresas ter\u00e3o um prazo de 70 dias para analisar o material que ser\u00e1 encaminhado e emitir um posicionamento definitivo sobre a viabilidade de implementa\u00e7\u00e3o do servi\u00e7o de bloqueio e o efetivo cumprimento da lei.<\/p>","protected":false},"excerpt":{"rendered":"<p>Na tarde desta ter\u00e7a-feira (11) representantes das operadoras de telefonia m\u00f3vel estiveram reunidos com os dirigentes e servidores do Departamento de Administra\u00e7\u00e3o Prisional (Deap) para discutir a aplica\u00e7\u00e3o da Lei Estadual n\u00ba 15.829\/2012, que prev\u00ea o bloqueio do sinal de telefonia celular nas unidades prisionais do estado, por parte das Operadoras. Estiveram presentes representantes e [&hellip;]<\/p>\n","protected":false},"author":6,"featured_media":14535,"comment_status":"open","ping_status":"open","sticky":false,"template":"","format":"standard","meta":{"_monsterinsights_skip_tracking":false,"_monsterinsights_sitenote_active":false,"_monsterinsights_sitenote_note":"","_monsterinsights_sitenote_category":0,"footnotes":"","_wp_rev_ctl_limit":""},"categories":[1296],"tags":[],"publishpress_future_action":{"enabled":false,"date":"2026-05-03 12:34:59","action":"change-status","newStatus":"draft","terms":[],"taxonomy":"category"},"publishpress_future_workflow_manual_trigger":{"enabledWorkflows":[]},"_links":{"self":[{"href":"https:\/\/sap.sc.gov.br\/en\/wp-json\/wp\/v2\/posts\/837"}],"collection":[{"href":"https:\/\/sap.sc.gov.br\/en\/wp-json\/wp\/v2\/posts"}],"about":[{"href":"https:\/\/sap.sc.gov.br\/en\/wp-json\/wp\/v2\/types\/post"}],"author":[{"embeddable":true,"href":"https:\/\/sap.sc.gov.br\/en\/wp-json\/wp\/v2\/users\/6"}],"replies":[{"embeddable":true,"href":"https:\/\/sap.sc.gov.br\/en\/wp-json\/wp\/v2\/comments?post=837"}],"version-history":[{"count":0,"href":"https:\/\/sap.sc.gov.br\/en\/wp-json\/wp\/v2\/posts\/837\/revisions"}],"wp:featuredmedia":[{"embeddable":true,"href":"https:\/\/sap.sc.gov.br\/en\/wp-json\/wp\/v2\/media\/14535"}],"wp:attachment":[{"href":"https:\/\/sap.sc.gov.br\/en\/wp-json\/wp\/v2\/media?parent=837"}],"wp:term":[{"taxonomy":"category","embeddable":true,"href":"https:\/\/sap.sc.gov.br\/en\/wp-json\/wp\/v2\/categories?post=837"},{"taxonomy":"post_tag","embeddable":true,"href":"https:\/\/sap.sc.gov.br\/en\/wp-json\/wp\/v2\/tags?post=837"}],"curies":[{"name":"wp","href":"https:\/\/api.w.org\/{rel}","templated":true}]}}